{"id":45846,"date":"2017-01-18T08:15:27","date_gmt":"2017-01-18T14:15:27","guid":{"rendered":"http:\/\/elcronistadigital.com\/?p=45846"},"modified":"2017-01-18T08:15:27","modified_gmt":"2017-01-18T14:15:27","slug":"fiebre-amarilla-de-que-nos-defendemos","status":"publish","type":"post","link":"https:\/\/elcronistadigital.com\/?p=45846","title":{"rendered":"Fiebre amarilla, \u00bfde qu\u00e9 nos defendemos?"},"content":{"rendered":"<p><a href=\"https:\/\/elcronistadigital.com\/wp-content\/uploads\/2017\/01\/Fiebre-amarilla.jpg\"><img loading=\"lazy\" decoding=\"async\" class=\"alignleft size-full wp-image-45847\" alt=\"Fiebre amarilla\" src=\"https:\/\/elcronistadigital.com\/wp-content\/uploads\/2017\/01\/Fiebre-amarilla.jpg\" width=\"450\" height=\"233\" srcset=\"https:\/\/elcronistadigital.com\/wp-content\/uploads\/2017\/01\/Fiebre-amarilla.jpg 450w, https:\/\/elcronistadigital.com\/wp-content\/uploads\/2017\/01\/Fiebre-amarilla-300x155.jpg 300w, https:\/\/elcronistadigital.com\/wp-content\/uploads\/2017\/01\/Fiebre-amarilla-342x177.jpg 342w\" sizes=\"auto, (max-width: 450px) 100vw, 450px\" \/><\/a>La fiebre amarilla, de la cual Nicaragua empezar\u00e1 a protegerse exigiendo certificado de vacunaci\u00f3n, es un terrible mal tambi\u00e9n conocido como \u201cfiebre hemorr\u00e1gica tropical\u201d contra el que una vez adquirido, no existe un tratamiento espec\u00edfico.<\/p>\n<p>En atenci\u00f3n a la alerta emitida recientemente por la Organizaci\u00f3n Panamericana de la Salud (OPS) por pa\u00edses de Am\u00e9rica del Sur en donde el virus, transmitido por el mosquito Aedes aegypti, est\u00e1 activo, el gobierno de Nicaragua inform\u00f3 el martes que tomar\u00e1 medidas para evitar que ingrese a nuestro territorio.<\/p>\n<p>Los pa\u00edses en los que la OPS declar\u00f3 alerta por fiebre amarilla son: Argentina, Bolivia, Brasil, Colombia, Ecuador, Guyana Francesa, Panam\u00e1, Paraguay, Venezuela y la mayor\u00eda de los pa\u00edses africanos.<\/p>\n<p>Por sus letales consecuencias en las personas contagiadas, la tambi\u00e9n conocida como \u201cv\u00f3mito negro\u201d o \u201cplaga americana\u201d es temida por las autoridades sanitarias, ya que produce gran n\u00famero de muertes.<\/p>\n<p>La fiebre tiene tres etapas:<\/p>\n<p>La primera es la de la infecci\u00f3n, en la que son comunes el dolor de cabeza, dolores musculares y articulares, fiebre, sofoco, inapetencia, v\u00f3mito e ictericia. Despu\u00e9s de aproximadamente 3 a 4 d\u00edas, a menudo los s\u00edntomas desaparecen brevemente.<\/p>\n<p>En la etapa dos la fiebre y otros s\u00edntomas desaparecen. La mayor\u00eda de las personas se recuperar\u00e1 en esta etapa, pero otras pueden empeorar en cuesti\u00f3n de 24 horas.<\/p>\n<p>Los enfermos que pasan a la etapa tres son los que se las ven realmente con la muerte, ya que suelen presentarse problemas con muchos \u00f3rganos, incluyendo el coraz\u00f3n, el h\u00edgado y el ri\u00f1\u00f3n. Tambi\u00e9n se pueden presentar trastornos hemorr\u00e1gicos, convulsiones, coma y delirio.<\/p>\n<p>\u201cTodos los viajeros que ingresen a Nicaragua procedentes de una zona respecto de la cual la OPS ha determinado que existe riesgo transmisi\u00f3n activa, deben de prestar certificado internacional de vacunaci\u00f3n contra esa enfermedad\u201d, inform\u00f3 la vicepresidenta, Rosario Murillo.<\/p>\n<p>Hasta el momento Brasil es el pa\u00eds m\u00e1s afectado por fiebre amarilla, las autoridades sanitarias brasile\u00f1as se mantienen en alerta ante el brote que se ha cobrado 47 v\u00edctimas en Minas Gerais, en el sureste del pa\u00eds.<\/p>\n<p>El Ministerio de Salud brasile\u00f1o confirm\u00f3 que el martes se detectaron 152 casos sospechosos en 26 municipios de \u00e1reas rurales del estado de Minas Gerais, el segundo m\u00e1s poblado del pa\u00eds y se prev\u00e9 que podr\u00eda extenderse a regiones pr\u00f3ximas donde empiezan a detectarse casos con s\u00edntomas de la enfermedad.<\/p>\n","protected":false},"excerpt":{"rendered":"<p>La fiebre amarilla, de la cual Nicaragua empezar\u00e1 a protegerse exigiendo certificado de vacunaci\u00f3n, es un terrible mal tambi\u00e9n conocido como \u201cfiebre hemorr\u00e1gica tropical\u201d contra el que una vez adquirido, no existe un tratamiento espec\u00edfico. En atenci\u00f3n a la alerta emitida recientemente por la Organizaci\u00f3n Panamericana de la Salud (OPS) por pa\u00edses de Am\u00e9rica del [&hellip;]<\/p>\n","protected":false},"author":1,"featured_media":45847,"comment_status":"open","ping_status":"open","sticky":false,"template":"","format":"standard","meta":{"om_disable_all_campaigns":false,"_monsterinsights_skip_tracking":false,"_monsterinsights_sitenote_active":false,"_monsterinsights_sitenote_note":"","_monsterinsights_sitenote_category":0,"footnotes":""},"categories":[3524,13],"tags":[],"class_list":["post-45846","post","type-post","status-publish","format-standard","has-post-thumbnail","hentry","category-noticas","category-portada"],"aioseo_notices":[],"_links":{"self":[{"href":"https:\/\/elcronistadigital.com\/index.php?rest_route=\/wp\/v2\/posts\/45846","targetHints":{"allow":["GET"]}}],"collection":[{"href":"https:\/\/elcronistadigital.com\/index.php?rest_route=\/wp\/v2\/posts"}],"about":[{"href":"https:\/\/elcronistadigital.com\/index.php?rest_route=\/wp\/v2\/types\/post"}],"author":[{"embeddable":true,"href":"https:\/\/elcronistadigital.com\/index.php?rest_route=\/wp\/v2\/users\/1"}],"replies":[{"embeddable":true,"href":"https:\/\/elcronistadigital.com\/index.php?rest_route=%2Fwp%2Fv2%2Fcomments&post=45846"}],"version-history":[{"count":1,"href":"https:\/\/elcronistadigital.com\/index.php?rest_route=\/wp\/v2\/posts\/45846\/revisions"}],"predecessor-version":[{"id":45848,"href":"https:\/\/elcronistadigital.com\/index.php?rest_route=\/wp\/v2\/posts\/45846\/revisions\/45848"}],"wp:featuredmedia":[{"embeddable":true,"href":"https:\/\/elcronistadigital.com\/index.php?rest_route=\/wp\/v2\/media\/45847"}],"wp:attachment":[{"href":"https:\/\/elcronistadigital.com\/index.php?rest_route=%2Fwp%2Fv2%2Fmedia&parent=45846"}],"wp:term":[{"taxonomy":"category","embeddable":true,"href":"https:\/\/elcronistadigital.com\/index.php?rest_route=%2Fwp%2Fv2%2Fcategories&post=45846"},{"taxonomy":"post_tag","embeddable":true,"href":"https:\/\/elcronistadigital.com\/index.php?rest_route=%2Fwp%2Fv2%2Ftags&post=45846"}],"curies":[{"name":"wp","href":"https:\/\/api.w.org\/{rel}","templated":true}]}}