{"id":45852,"date":"2017-01-18T11:27:08","date_gmt":"2017-01-18T17:27:08","guid":{"rendered":"http:\/\/elcronistadigital.com\/?p=45852"},"modified":"2017-01-18T11:27:08","modified_gmt":"2017-01-18T17:27:08","slug":"espana-y-ue-apoyaran-ganaderia-en-nicaragua","status":"publish","type":"post","link":"https:\/\/elcronistadigital.com\/?p=45852","title":{"rendered":"Espa\u00f1a y UE apoyar\u00e1n ganader\u00eda en Nicaragua"},"content":{"rendered":"<p><a href=\"https:\/\/elcronistadigital.com\/wp-content\/uploads\/2017\/01\/bovinos.jpg\"><img loading=\"lazy\" decoding=\"async\" class=\"alignleft size-full wp-image-45853\" alt=\"bovinos\" src=\"https:\/\/elcronistadigital.com\/wp-content\/uploads\/2017\/01\/bovinos.jpg\" width=\"450\" height=\"253\" srcset=\"https:\/\/elcronistadigital.com\/wp-content\/uploads\/2017\/01\/bovinos.jpg 450w, https:\/\/elcronistadigital.com\/wp-content\/uploads\/2017\/01\/bovinos-300x168.jpg 300w, https:\/\/elcronistadigital.com\/wp-content\/uploads\/2017\/01\/bovinos-342x192.jpg 342w\" sizes=\"auto, (max-width: 450px) 100vw, 450px\" \/><\/a>Con financiaci\u00f3n procedente fundamentalmente del presupuesto comunitario, que aporta 20 de los 21,7 millones de euros con que cuenta el proyecto, la Agencia Espa\u00f1ola de Cooperaci\u00f3n Internacional para el Desarrollo (AECID), ser\u00e1 la encargada de ejecutar el proyecto durante los pr\u00f3ximos cuatro a\u00f1os.<\/p>\n<p>El programa busca reducir la pobreza fortaleciendo a los peque\u00f1os y medianos ganaderos, a los que se ayudar\u00e1 a modernizar sus producciones, haci\u00e9ndolas m\u00e1s sostenibles y atractivas para su comercializaci\u00f3n tanto fuera como dentro del pa\u00eds, explic\u00f3 el secretario de Cooperaci\u00f3n Internacional y para Iberoam\u00e9rica, Fernando Garc\u00eda-Casas, en la firma del programa en Nicaragua entre la UE, las autoridades del pa\u00eds y la AECID.<\/p>\n<p>Garc\u00eda-Casas tambi\u00e9n agradeci\u00f3 la confianza de la Uni\u00f3n Europea al delegar a la AECID la gesti\u00f3n del programa, en el que tambi\u00e9n participar\u00e1 la Agencia Uruguaya de Cooperaci\u00f3n Internacional.<\/p>\n<p>Un sector que emplea a 500.000 personas<\/p>\n<p>El jefe de la delegaci\u00f3n de la UE en Nicaragua, Kenny Bell, ha explicado que el programa se centra en el sector bovino porque ha \u00abduplicado su producci\u00f3n en 12 a\u00f1os y emplea directa e indirectamente a medio mill\u00f3n de personas en el pa\u00eds, por lo que puede ser una importante fuente de empleo y riqueza en el pa\u00eds compatible con el respeto al medio ambiente\u00bb.<\/p>\n<p>\u00abEl objetivo es que el proyecto sirva de modelo y que pueda replicarse en el futuro en otras regiones de Nicaragua\u00bb, ha se\u00f1alado en declaraciones recogidas en un comunicado del Servicio Europeo de Acci\u00f3n Exterior.<\/p>\n<p>El lanzamiento de este proyecto se ha hecho en el marco de la primera gira del secretario de Estado espa\u00f1ol a Am\u00e9rica Latina, que inici\u00f3 el 10 de enero pasado con su asistencia a la toma de posesi\u00f3n del presidente Daniel Ortega, que le recibi\u00f3 en audiencia para pasar revista a la relaci\u00f3n bilateral.<\/p>\n<p>Acompa\u00f1ado del director general de Iberoam\u00e9rica, Pablo G\u00f3mez de Olea, Garc\u00eda-Casas tambi\u00e9n mantuvo varios encuentros con destacadas personalidades nicarag\u00fcenses del mundo acad\u00e9mico, de la pol\u00edtica y de la cultura. Asimismo, se reuni\u00f3 con representantes de varias empresas espa\u00f1olas, la C\u00e1mara de Comercio de Espa\u00f1a en Nicaragua y de la patronal local.<\/p>\n<p>Garc\u00eda-Casas aprovech\u00f3 su estancia en el pa\u00eds centroamericano para visitar las instalaciones del Centro Cultural de Espa\u00f1a en Nicaragua donde mantuvo un encuentro con varias ONG&#8217;s espa\u00f1olas.<\/p>\n<p>El secretario de Estado prosigui\u00f3 su gira en M\u00e9xico, donde prepar\u00f3 la pr\u00f3xima Comisi\u00f3n binacional entre los dos pa\u00edses, que debe reunirse en la primera mitad del a\u00f1o, y El Salvador, donde particip\u00f3 en el 25\u00ba aniversario de la firma de los Acuerdos de paz que pusieron fin a la guerra civil en el pa\u00eds centroamericano.<\/p>\n","protected":false},"excerpt":{"rendered":"<p>Con financiaci\u00f3n procedente fundamentalmente del presupuesto comunitario, que aporta 20 de los 21,7 millones de euros con que cuenta el proyecto, la Agencia Espa\u00f1ola de Cooperaci\u00f3n Internacional para el Desarrollo (AECID), ser\u00e1 la encargada de ejecutar el proyecto durante los pr\u00f3ximos cuatro a\u00f1os. El programa busca reducir la pobreza fortaleciendo a los peque\u00f1os y medianos [&hellip;]<\/p>\n","protected":false},"author":1,"featured_media":45853,"comment_status":"open","ping_status":"open","sticky":false,"template":"","format":"standard","meta":{"om_disable_all_campaigns":false,"_monsterinsights_skip_tracking":false,"_monsterinsights_sitenote_active":false,"_monsterinsights_sitenote_note":"","_monsterinsights_sitenote_category":0,"footnotes":""},"categories":[3524,13],"tags":[],"class_list":["post-45852","post","type-post","status-publish","format-standard","has-post-thumbnail","hentry","category-noticas","category-portada"],"aioseo_notices":[],"_links":{"self":[{"href":"https:\/\/elcronistadigital.com\/index.php?rest_route=\/wp\/v2\/posts\/45852","targetHints":{"allow":["GET"]}}],"collection":[{"href":"https:\/\/elcronistadigital.com\/index.php?rest_route=\/wp\/v2\/posts"}],"about":[{"href":"https:\/\/elcronistadigital.com\/index.php?rest_route=\/wp\/v2\/types\/post"}],"author":[{"embeddable":true,"href":"https:\/\/elcronistadigital.com\/index.php?rest_route=\/wp\/v2\/users\/1"}],"replies":[{"embeddable":true,"href":"https:\/\/elcronistadigital.com\/index.php?rest_route=%2Fwp%2Fv2%2Fcomments&post=45852"}],"version-history":[{"count":1,"href":"https:\/\/elcronistadigital.com\/index.php?rest_route=\/wp\/v2\/posts\/45852\/revisions"}],"predecessor-version":[{"id":45854,"href":"https:\/\/elcronistadigital.com\/index.php?rest_route=\/wp\/v2\/posts\/45852\/revisions\/45854"}],"wp:featuredmedia":[{"embeddable":true,"href":"https:\/\/elcronistadigital.com\/index.php?rest_route=\/wp\/v2\/media\/45853"}],"wp:attachment":[{"href":"https:\/\/elcronistadigital.com\/index.php?rest_route=%2Fwp%2Fv2%2Fmedia&parent=45852"}],"wp:term":[{"taxonomy":"category","embeddable":true,"href":"https:\/\/elcronistadigital.com\/index.php?rest_route=%2Fwp%2Fv2%2Fcategories&post=45852"},{"taxonomy":"post_tag","embeddable":true,"href":"https:\/\/elcronistadigital.com\/index.php?rest_route=%2Fwp%2Fv2%2Ftags&post=45852"}],"curies":[{"name":"wp","href":"https:\/\/api.w.org\/{rel}","templated":true}]}}