{"id":45855,"date":"2017-01-19T08:27:45","date_gmt":"2017-01-19T14:27:45","guid":{"rendered":"http:\/\/elcronistadigital.com\/?p=45855"},"modified":"2017-01-19T08:27:45","modified_gmt":"2017-01-19T14:27:45","slug":"unilever-utilizara-envases-reciclables","status":"publish","type":"post","link":"https:\/\/elcronistadigital.com\/?p=45855","title":{"rendered":"Unilever utilizar\u00e1 envases reciclables"},"content":{"rendered":"<p><a href=\"https:\/\/elcronistadigital.com\/wp-content\/uploads\/2017\/01\/pl\u00e1stico.jpg\"><img loading=\"lazy\" decoding=\"async\" class=\"alignleft size-full wp-image-45856\" alt=\"pl\u00e1stico\" src=\"https:\/\/elcronistadigital.com\/wp-content\/uploads\/2017\/01\/pl\u00e1stico.jpg\" width=\"450\" height=\"206\" srcset=\"https:\/\/elcronistadigital.com\/wp-content\/uploads\/2017\/01\/pl\u00e1stico.jpg 450w, https:\/\/elcronistadigital.com\/wp-content\/uploads\/2017\/01\/pl\u00e1stico-300x137.jpg 300w, https:\/\/elcronistadigital.com\/wp-content\/uploads\/2017\/01\/pl\u00e1stico-342x156.jpg 342w\" sizes=\"auto, (max-width: 450px) 100vw, 450px\" \/><\/a>Unilever se comprometi\u00f3 a garantizar que todos sus envases pl\u00e1sticos sean totalmente reutilizables, reciclables o aptos para compostaje para el 2025, adem\u00e1s de proponer a la industria de consumo masivo que acelere el proceso hacia la econom\u00eda circular.<\/p>\n<p>Seg\u00fan la Fundaci\u00f3n Ellen MacArthur (FEM), s\u00f3lo el 14% de los envases pl\u00e1sticos que se utiliza globalmente termina en plantas de reciclaje, mientras que el 40% acaba en basureros y un tercio en ecosistemas fr\u00e1giles.<\/p>\n<p>Para el a\u00f1o 2050, se estima que en los oc\u00e9anos de todo el mundo habr\u00e1 m\u00e1s pl\u00e1sticos que peces. Mientras tanto, William McDonough, arquitecto y l\u00edder en econom\u00eda circular, sostiene que el redise\u00f1o Cradle to Cradle\u00ae (de la Cuna a la Cuna) de los envases es uno de los desaf\u00edos de dise\u00f1o m\u00e1s grandes de estos tiempos a nivel mundial (similar al incremento de energ\u00eda renovable para abordar el cambio clim\u00e1tico).<\/p>\n<p>Para lograr el Objetivo de Desarrollo Sostenible N\u00b0 12 \u201cConsumo y Producci\u00f3n Sustentable\u201d, es prioritario que los envases pl\u00e1sticos sean tratados como un recurso de forma eficiente. De esta manera, cambia el modelo de consumo \u201crecursos-producto-residuos\u201d por uno totalmente circular.<\/p>\n<p>Para ayudar a transformar el flujo de los envases pl\u00e1sticos del mundo, Unilever se comprometi\u00f3 a:<br \/>\n\u2022 Asegurar que todos sus envases pl\u00e1sticos se dise\u00f1en para ser reutilizables, reciclables o aptos para compostaje para el 2025.<br \/>\n\u2022 Renovar su membres\u00eda con la Fundaci\u00f3n Ellen MacArthur por otros tres a\u00f1os y aprobar y apoyar su iniciativa sobre La Nueva Econom\u00eda del Pl\u00e1stico. Adem\u00e1s, como parte de este proyecto, para el a\u00f1o 2020, Unilever publicar\u00e1 toda la \u201cpaleta\u201d de materiales pl\u00e1sticos utilizados en sus envases para ayudar a crear un protocolo de pl\u00e1sticos para la industria.<br \/>\n\u2022 Invertir en testear una soluci\u00f3n t\u00e9cnica para reciclar sachets de varias capas y luego compartirlo con la industria, especialmente en \u00e1reas costeras en donde hay un riesgo mayor de que los pl\u00e1sticos se filtren en los oc\u00e9anos.<\/p>\n<p>Como parte del Plan de Vida Sostenible de Unilever, la compa\u00f1\u00eda se comprometi\u00f3 para el a\u00f1o 2020 a reducir a un tercio el peso de los envases utilizados durante esta \u00faltima d\u00e9cada, y para 2025 a aumentar en al menos un 25% el uso de contenido de pl\u00e1stico reciclado en sus envases en comparaci\u00f3n con 2015. En referencia a esto, en 2015 Unilever alcanz\u00f3 su compromiso de no enviar residuos de sus operaciones a rellenos sanitarios.<\/p>\n<p>Paul Polman, CEO de Unilever, dijo: \u201cNuestros envases pl\u00e1sticos cumplen un rol muy importante al hacer que nuestros productos se vean atractivos y seguros para nuestros consumidores. Aun as\u00ed est\u00e1 claro que, si queremos continuar impulsando los beneficios de este material vers\u00e1til, tenemos que hacer mucho m\u00e1s como industria para ayudar a asegurar que se lo trate de forma responsable y eficaz posteriormente al uso del consumidor\u201d.<\/p>\n<p>\u201cPara abordar el desaf\u00edo de los residuos de pl\u00e1stico en los oc\u00e9anos necesitamos trabajar en soluciones sist\u00e9micas (aquellas que frenen el ingreso de pl\u00e1sticos a las v\u00edas fluviales en primer lugar). Esperamos que estos compromisos alienten a otros en la industria a lograr un progreso conjunto para garantizar que todos nuestros envases pl\u00e1sticos sean totalmente reciclables y reciclados. Adem\u00e1s necesitamos trabajar en colaboraci\u00f3n con gobiernos y otras partes interesadas para apoyar el desarrollo y el aumento de recaudaci\u00f3n y reprocesamiento de infraestructura, que es fundamental en la transici\u00f3n hacia una econom\u00eda circular\u201d.<\/p>\n<p>Ellen MacArthur a su vez afirma que: \u201cAl comprometerse a lograr objetivos ambiciosos de econom\u00eda circular para envases pl\u00e1sticos, Unilever contribuye a un cambio tangible del sistema, enviando una fuerte se\u00f1al a la industria de consumo masivo\u201d.<\/p>\n<p>Karen Vizental, VP de Comunicaciones Corporativas y Sustentabilidad de Unilever Latinoam\u00e9rica a\u00f1ade: \u201cAl mirar el desarrollo de los productos, el abastecimiento y la fabricaci\u00f3n a trav\u00e9s del lente de la sustentabilidad, aparecen oportunidades para la innovaci\u00f3n. Este caso nos lleva a reconsiderar el dise\u00f1o de nuestros envases en un mundo de recursos limitados\u201d.<\/p>\n<p>Como parte de su compromiso, Unilever asegurar\u00e1 que para el 2025 sea t\u00e9cnicamente posible que sus envases pl\u00e1sticos sean reutilizados o posteriormente reciclados, ya que existen ejemplos establecidos y comprobados de que es comercialmente viable que re-procesadores de pl\u00e1sticos puedan reciclar el material.<\/p>\n","protected":false},"excerpt":{"rendered":"<p>Unilever se comprometi\u00f3 a garantizar que todos sus envases pl\u00e1sticos sean totalmente reutilizables, reciclables o aptos para compostaje para el 2025, adem\u00e1s de proponer a la industria de consumo masivo que acelere el proceso hacia la econom\u00eda circular. Seg\u00fan la Fundaci\u00f3n Ellen MacArthur (FEM), s\u00f3lo el 14% de los envases pl\u00e1sticos que se utiliza globalmente [&hellip;]<\/p>\n","protected":false},"author":1,"featured_media":45856,"comment_status":"open","ping_status":"open","sticky":false,"template":"","format":"standard","meta":{"om_disable_all_campaigns":false,"_monsterinsights_skip_tracking":false,"_monsterinsights_sitenote_active":false,"_monsterinsights_sitenote_note":"","_monsterinsights_sitenote_category":0,"footnotes":""},"categories":[14],"tags":[],"class_list":["post-45855","post","type-post","status-publish","format-standard","has-post-thumbnail","hentry","category-empresas"],"aioseo_notices":[],"_links":{"self":[{"href":"https:\/\/elcronistadigital.com\/index.php?rest_route=\/wp\/v2\/posts\/45855","targetHints":{"allow":["GET"]}}],"collection":[{"href":"https:\/\/elcronistadigital.com\/index.php?rest_route=\/wp\/v2\/posts"}],"about":[{"href":"https:\/\/elcronistadigital.com\/index.php?rest_route=\/wp\/v2\/types\/post"}],"author":[{"embeddable":true,"href":"https:\/\/elcronistadigital.com\/index.php?rest_route=\/wp\/v2\/users\/1"}],"replies":[{"embeddable":true,"href":"https:\/\/elcronistadigital.com\/index.php?rest_route=%2Fwp%2Fv2%2Fcomments&post=45855"}],"version-history":[{"count":1,"href":"https:\/\/elcronistadigital.com\/index.php?rest_route=\/wp\/v2\/posts\/45855\/revisions"}],"predecessor-version":[{"id":45857,"href":"https:\/\/elcronistadigital.com\/index.php?rest_route=\/wp\/v2\/posts\/45855\/revisions\/45857"}],"wp:featuredmedia":[{"embeddable":true,"href":"https:\/\/elcronistadigital.com\/index.php?rest_route=\/wp\/v2\/media\/45856"}],"wp:attachment":[{"href":"https:\/\/elcronistadigital.com\/index.php?rest_route=%2Fwp%2Fv2%2Fmedia&parent=45855"}],"wp:term":[{"taxonomy":"category","embeddable":true,"href":"https:\/\/elcronistadigital.com\/index.php?rest_route=%2Fwp%2Fv2%2Fcategories&post=45855"},{"taxonomy":"post_tag","embeddable":true,"href":"https:\/\/elcronistadigital.com\/index.php?rest_route=%2Fwp%2Fv2%2Ftags&post=45855"}],"curies":[{"name":"wp","href":"https:\/\/api.w.org\/{rel}","templated":true}]}}