{"id":45862,"date":"2017-01-19T12:36:53","date_gmt":"2017-01-19T18:36:53","guid":{"rendered":"http:\/\/elcronistadigital.com\/?p=45862"},"modified":"2017-01-19T12:36:53","modified_gmt":"2017-01-19T18:36:53","slug":"marcia-ramirez-invitada-a-cuba","status":"publish","type":"post","link":"https:\/\/elcronistadigital.com\/?p=45862","title":{"rendered":"Marcia Ram\u00edrez invitada a Cuba"},"content":{"rendered":"<div id=\"attachment_45863\" style=\"width: 460px\" class=\"wp-caption alignleft\"><a href=\"https:\/\/elcronistadigital.com\/wp-content\/uploads\/2017\/01\/Marcia-Ram\u00edrez-Mercado.jpg\"><img loading=\"lazy\" decoding=\"async\" aria-describedby=\"caption-attachment-45863\" class=\"size-full wp-image-45863\" alt=\"Marcia Ram\u00edrez Mercado, ministra de la Familia, Adolescencia y Ni\u00f1ez de Nicaragua.\" src=\"https:\/\/elcronistadigital.com\/wp-content\/uploads\/2017\/01\/Marcia-Ram\u00edrez-Mercado.jpg\" width=\"450\" height=\"271\" srcset=\"https:\/\/elcronistadigital.com\/wp-content\/uploads\/2017\/01\/Marcia-Ram\u00edrez-Mercado.jpg 450w, https:\/\/elcronistadigital.com\/wp-content\/uploads\/2017\/01\/Marcia-Ram\u00edrez-Mercado-300x180.jpg 300w, https:\/\/elcronistadigital.com\/wp-content\/uploads\/2017\/01\/Marcia-Ram\u00edrez-Mercado-342x205.jpg 342w\" sizes=\"auto, (max-width: 450px) 100vw, 450px\" \/><\/a><p id=\"caption-attachment-45863\" class=\"wp-caption-text\">Marcia Ram\u00edrez Mercado, ministra de la Familia, Adolescencia y Ni\u00f1ez de Nicaragua.<\/p><\/div>\n<p>La ministra de la Familia, Adolescencia y Ni\u00f1ez de Nicaragua, Marcia Ram\u00edrez, realizar\u00e1 pr\u00f3ximamente una visita a Cuba con una amplia agenda de trabajo, confirm\u00f3 en Managua a Prensa Latina la embajada de la naci\u00f3n caribe\u00f1a.<\/p>\n<p>De acuerdo con una nota de la legaci\u00f3n de la isla, la noticia trascendi\u00f3 durante un encuentro entre Ram\u00edrez y el nuevo embajador de Cuba en Nicaragua, Juan Carlos Hern\u00e1ndez, para abordar temas de inter\u00e9s mutuo en la agenda de ambos gobiernos.<\/p>\n<p>En La Habana, siempre acorde con la fuente, la titular nicarag\u00fcense participar\u00e1 del 23 al 25 de enero en el II Simposio Internacional Violencia de G\u00e9nero, Prostituci\u00f3n, Turismo Sexual y Trata de Personas \u201cBerta C\u00e1ceres in Memorian\u201d.<\/p>\n<p>Al respecto, el embajador cubano manifest\u00f3 que la asistencia de Ram\u00edrez realzar\u00e1 el evento, a la par que permitir\u00e1 aportar nuevas vivencias al debate cient\u00edfico, facilitar alianzas entre instituciones nacionales y regionales, as\u00ed como trasladar experiencias para fomentar la creaci\u00f3n de pol\u00edticas p\u00fablicas inclusivas.<\/p>\n<p>La ministra nicarag\u00fcense tiene previsto en ese encuentro presentar una ponencia sobre la experiencia de su pa\u00eds en la prevenci\u00f3n de la violencia, tem\u00e1tica en la cual est\u00e1 catalogada como especialista, se inform\u00f3.<\/p>\n<p>A su vez, tambi\u00e9n cumplir\u00e1 un amplio programa que incluye encuentros con la titular cubana de Justicia, Mar\u00eda Esther Reus, as\u00ed como autoridades del Ministerio de Salud P\u00fablica.<\/p>\n<p>En este \u00faltimo caso Ram\u00edrez tiene la intenci\u00f3n de intercambiar sobre la posibilidad de incrementar la colaboraci\u00f3n en el tratamiento y prevenci\u00f3n de los embarazos en adolescentes, tem\u00e1tica que aqueja con fuerza a pa\u00edses centroamericanos y en la cual Cuba ha desarrollado una amplia experiencia.<\/p>\n<p>Asimismo, la ministra rememor\u00f3 con el embajador cubano su anterior visita a la isla en 2013, ocasi\u00f3n en la cual conoci\u00f3 el programa Educa a tu hijo que fuera posteriormente aplicado en Nicaragua con un saldo positivo.<\/p>\n<p>Igualmente abord\u00f3 con Hern\u00e1ndez el inter\u00e9s de encontrar momentos propicios para incrementar este tipo de experiencias en el pa\u00eds, que enriquecen y forman parte del esquema de integraci\u00f3n ampliado por el que se aboga en la regi\u00f3n.<\/p>\n","protected":false},"excerpt":{"rendered":"<p>La ministra de la Familia, Adolescencia y Ni\u00f1ez de Nicaragua, Marcia Ram\u00edrez, realizar\u00e1 pr\u00f3ximamente una visita a Cuba con una amplia agenda de trabajo, confirm\u00f3 en Managua a Prensa Latina la embajada de la naci\u00f3n caribe\u00f1a. De acuerdo con una nota de la legaci\u00f3n de la isla, la noticia trascendi\u00f3 durante un encuentro entre Ram\u00edrez [&hellip;]<\/p>\n","protected":false},"author":1,"featured_media":45863,"comment_status":"open","ping_status":"open","sticky":false,"template":"","format":"standard","meta":{"om_disable_all_campaigns":false,"_monsterinsights_skip_tracking":false,"_monsterinsights_sitenote_active":false,"_monsterinsights_sitenote_note":"","_monsterinsights_sitenote_category":0,"footnotes":""},"categories":[3524,13],"tags":[],"class_list":["post-45862","post","type-post","status-publish","format-standard","has-post-thumbnail","hentry","category-noticas","category-portada"],"aioseo_notices":[],"_links":{"self":[{"href":"https:\/\/elcronistadigital.com\/index.php?rest_route=\/wp\/v2\/posts\/45862","targetHints":{"allow":["GET"]}}],"collection":[{"href":"https:\/\/elcronistadigital.com\/index.php?rest_route=\/wp\/v2\/posts"}],"about":[{"href":"https:\/\/elcronistadigital.com\/index.php?rest_route=\/wp\/v2\/types\/post"}],"author":[{"embeddable":true,"href":"https:\/\/elcronistadigital.com\/index.php?rest_route=\/wp\/v2\/users\/1"}],"replies":[{"embeddable":true,"href":"https:\/\/elcronistadigital.com\/index.php?rest_route=%2Fwp%2Fv2%2Fcomments&post=45862"}],"version-history":[{"count":1,"href":"https:\/\/elcronistadigital.com\/index.php?rest_route=\/wp\/v2\/posts\/45862\/revisions"}],"predecessor-version":[{"id":45864,"href":"https:\/\/elcronistadigital.com\/index.php?rest_route=\/wp\/v2\/posts\/45862\/revisions\/45864"}],"wp:featuredmedia":[{"embeddable":true,"href":"https:\/\/elcronistadigital.com\/index.php?rest_route=\/wp\/v2\/media\/45863"}],"wp:attachment":[{"href":"https:\/\/elcronistadigital.com\/index.php?rest_route=%2Fwp%2Fv2%2Fmedia&parent=45862"}],"wp:term":[{"taxonomy":"category","embeddable":true,"href":"https:\/\/elcronistadigital.com\/index.php?rest_route=%2Fwp%2Fv2%2Fcategories&post=45862"},{"taxonomy":"post_tag","embeddable":true,"href":"https:\/\/elcronistadigital.com\/index.php?rest_route=%2Fwp%2Fv2%2Ftags&post=45862"}],"curies":[{"name":"wp","href":"https:\/\/api.w.org\/{rel}","templated":true}]}}