{"id":45872,"date":"2017-01-20T19:33:21","date_gmt":"2017-01-21T01:33:21","guid":{"rendered":"http:\/\/elcronistadigital.com\/?p=45872"},"modified":"2017-01-20T19:33:21","modified_gmt":"2017-01-21T01:33:21","slug":"cancilleria-completara-ultima-fase-de-modernizacion","status":"publish","type":"post","link":"https:\/\/elcronistadigital.com\/?p=45872","title":{"rendered":"Canciller\u00eda completar\u00e1 \u00faltima fase de modernizaci\u00f3n"},"content":{"rendered":"<p><a href=\"https:\/\/elcronistadigital.com\/wp-content\/uploads\/2017\/01\/canciller\u00eda.jpg\"><img loading=\"lazy\" decoding=\"async\" class=\"alignleft size-full wp-image-45873\" alt=\"canciller\u00eda\" src=\"https:\/\/elcronistadigital.com\/wp-content\/uploads\/2017\/01\/canciller\u00eda.jpg\" width=\"450\" height=\"355\" srcset=\"https:\/\/elcronistadigital.com\/wp-content\/uploads\/2017\/01\/canciller\u00eda.jpg 450w, https:\/\/elcronistadigital.com\/wp-content\/uploads\/2017\/01\/canciller\u00eda-300x236.jpg 300w, https:\/\/elcronistadigital.com\/wp-content\/uploads\/2017\/01\/canciller\u00eda-342x269.jpg 342w\" sizes=\"auto, (max-width: 450px) 100vw, 450px\" \/><\/a>El 19 de enero pasado, en un acto realizado en la Canciller\u00eda de Nicaragua, el embajador de la Rep\u00fablica de China (Taiw\u00e1n) Sr. Rolando Jer-Ming Chuang, firm\u00f3 un acta de cooperaci\u00f3n regional con la viceministra de Relaciones Exteriores, Arlette Marenco, para hacer entrega del \u00faltimo desembolso de US$ 357,142.85, designados para la ejecuci\u00f3n del Proyecto \u201cApoyo Institucional para la Modernizaci\u00f3n y Fortalecimiento de las Canciller\u00edas de la Regi\u00f3n Centroamericana 2015-2016\u201d.<\/p>\n<p>Este proyecto tiene como prop\u00f3sito principal brindar apoyo econ\u00f3mico a las canciller\u00edas de Centroam\u00e9rica, entre las que se encuentra Nicaragua, para que puedan modernizar y fortalecer su funcionamiento a trav\u00e9s de actualizar, mejorar y desarrollar instrumentos, infraestructura y equipamientos que necesiten las canciller\u00edas, sus embajadas o consulados.<\/p>\n<p>El Proyecto bienal 2015-2016 design\u00f3 un fondo total de US$ 1.500,571.40 para la Canciller\u00eda nicarag\u00fcense. Con las primeras entregas se han adquiridos veh\u00edculos, equipos informativos, equipos de internet, equipos de oficinas, luces LED, aires acondicionados y gastos de oficinas, entre otros.<\/p>\n<p>La Modernizaci\u00f3n y Fortalecimiento de las Canciller\u00edas de la Regi\u00f3n Centroamericana, es un proyecto de cooperaci\u00f3n regional apoyado por el gobierno de Taiw\u00e1n bajo el marco de la Comisi\u00f3n Mixta de Cooperaci\u00f3n entre los Pa\u00edses del Istmo Centroamericano y la Rep\u00fablica de China (Taiw\u00e1n).<\/p>\n<p>El proyecto comenz\u00f3 en el a\u00f1o 2002 y hasta el 2016 se ha llevado cinco implementaciones.<\/p>\n","protected":false},"excerpt":{"rendered":"<p>El 19 de enero pasado, en un acto realizado en la Canciller\u00eda de Nicaragua, el embajador de la Rep\u00fablica de China (Taiw\u00e1n) Sr. Rolando Jer-Ming Chuang, firm\u00f3 un acta de cooperaci\u00f3n regional con la viceministra de Relaciones Exteriores, Arlette Marenco, para hacer entrega del \u00faltimo desembolso de US$ 357,142.85, designados para la ejecuci\u00f3n del Proyecto [&hellip;]<\/p>\n","protected":false},"author":1,"featured_media":45873,"comment_status":"open","ping_status":"open","sticky":false,"template":"","format":"standard","meta":{"om_disable_all_campaigns":false,"_monsterinsights_skip_tracking":false,"_monsterinsights_sitenote_active":false,"_monsterinsights_sitenote_note":"","_monsterinsights_sitenote_category":0,"footnotes":""},"categories":[3524,13],"tags":[],"class_list":["post-45872","post","type-post","status-publish","format-standard","has-post-thumbnail","hentry","category-noticas","category-portada"],"aioseo_notices":[],"_links":{"self":[{"href":"https:\/\/elcronistadigital.com\/index.php?rest_route=\/wp\/v2\/posts\/45872","targetHints":{"allow":["GET"]}}],"collection":[{"href":"https:\/\/elcronistadigital.com\/index.php?rest_route=\/wp\/v2\/posts"}],"about":[{"href":"https:\/\/elcronistadigital.com\/index.php?rest_route=\/wp\/v2\/types\/post"}],"author":[{"embeddable":true,"href":"https:\/\/elcronistadigital.com\/index.php?rest_route=\/wp\/v2\/users\/1"}],"replies":[{"embeddable":true,"href":"https:\/\/elcronistadigital.com\/index.php?rest_route=%2Fwp%2Fv2%2Fcomments&post=45872"}],"version-history":[{"count":1,"href":"https:\/\/elcronistadigital.com\/index.php?rest_route=\/wp\/v2\/posts\/45872\/revisions"}],"predecessor-version":[{"id":45874,"href":"https:\/\/elcronistadigital.com\/index.php?rest_route=\/wp\/v2\/posts\/45872\/revisions\/45874"}],"wp:featuredmedia":[{"embeddable":true,"href":"https:\/\/elcronistadigital.com\/index.php?rest_route=\/wp\/v2\/media\/45873"}],"wp:attachment":[{"href":"https:\/\/elcronistadigital.com\/index.php?rest_route=%2Fwp%2Fv2%2Fmedia&parent=45872"}],"wp:term":[{"taxonomy":"category","embeddable":true,"href":"https:\/\/elcronistadigital.com\/index.php?rest_route=%2Fwp%2Fv2%2Fcategories&post=45872"},{"taxonomy":"post_tag","embeddable":true,"href":"https:\/\/elcronistadigital.com\/index.php?rest_route=%2Fwp%2Fv2%2Ftags&post=45872"}],"curies":[{"name":"wp","href":"https:\/\/api.w.org\/{rel}","templated":true}]}}