{"id":45875,"date":"2017-01-20T19:47:15","date_gmt":"2017-01-21T01:47:15","guid":{"rendered":"http:\/\/elcronistadigital.com\/?p=45875"},"modified":"2017-01-20T19:47:15","modified_gmt":"2017-01-21T01:47:15","slug":"nicaragua-instalara-acelerador-lineal-contra-el-cancer","status":"publish","type":"post","link":"https:\/\/elcronistadigital.com\/?p=45875","title":{"rendered":"Nicaragua instalar\u00e1 acelerador lineal contra el c\u00e1ncer"},"content":{"rendered":"<div id=\"attachment_45876\" style=\"width: 460px\" class=\"wp-caption alignleft\"><a href=\"https:\/\/elcronistadigital.com\/wp-content\/uploads\/2017\/01\/Acelerador-lineal.jpg\"><img loading=\"lazy\" decoding=\"async\" aria-describedby=\"caption-attachment-45876\" class=\"size-full wp-image-45876\" alt=\"Un acelerador lineal como el que instalar\u00e1 Nicaragua en noviembre pr\u00f3ximo.\" src=\"https:\/\/elcronistadigital.com\/wp-content\/uploads\/2017\/01\/Acelerador-lineal.jpg\" width=\"450\" height=\"341\" srcset=\"https:\/\/elcronistadigital.com\/wp-content\/uploads\/2017\/01\/Acelerador-lineal.jpg 450w, https:\/\/elcronistadigital.com\/wp-content\/uploads\/2017\/01\/Acelerador-lineal-300x227.jpg 300w, https:\/\/elcronistadigital.com\/wp-content\/uploads\/2017\/01\/Acelerador-lineal-342x259.jpg 342w, https:\/\/elcronistadigital.com\/wp-content\/uploads\/2017\/01\/Acelerador-lineal-60x45.jpg 60w, https:\/\/elcronistadigital.com\/wp-content\/uploads\/2017\/01\/Acelerador-lineal-150x113.jpg 150w\" sizes=\"auto, (max-width: 450px) 100vw, 450px\" \/><\/a><p id=\"caption-attachment-45876\" class=\"wp-caption-text\">Un acelerador lineal como el que instalar\u00e1 Nicaragua en noviembre pr\u00f3ximo.<\/p><\/div>\n<p>En noviembre pr\u00f3ximo Nicaragua instalar\u00e1 el primer acelerador lineal para el tratamiento de radioterapias modernas en contra de c\u00e9lulas cancerosas. Es una de las 25 l\u00edneas de trabajo que desarrollar\u00e1 el Ministerio de Salud (Minsa), en este 2017.<\/p>\n<p>Rosario Murillo, vicepresidenta de la Rep\u00fablica, anunci\u00f3 adem\u00e1s que este a\u00f1o el Minsa va a realizar 37 foros y congresos. \u00abVa a trabajar tambi\u00e9n en capacitaciones a las familias de personas con autismo, Alzh\u00e9imer, enfermedad de Parkinson o alg\u00fan problema de salud mental para atendernos y protegernos.<\/p>\n<p>\u201cVamos a elaborar el mapa de padecimientos a nivel nacional para tener claridad de c\u00f3mo es que se presentan los problemas de salud seg\u00fan la regi\u00f3n geogr\u00e1fica del pa\u00eds y atenderlos mejor; vamos tambi\u00e9n a desarrollar programas de educaci\u00f3n en salud para promover el cuidado, la responsabilidad de cada uno de nosotros sobre nuestra salud\u00bb, sostuvo.<\/p>\n<p>\u00abVamos a instalar en noviembre el primer acelerador lineal del pa\u00eds para el tratamiento de radioterapias con t\u00e9cnicas modernas a pacientes con c\u00e1ncer. Vamos a instalar farmacias solidarias en los municipios para mejorar el acceso a la poblaci\u00f3n a medicamentos esenciales, ofreci\u00e9ndolos al costo\u00bb, detall\u00f3.<\/p>\n<p>Dijo que equipos modernos de laboratorio cl\u00ednicos para diagn\u00f3stico temprano se insertar\u00e1n en 146 municipios, as\u00ed como un ultrasonido para cada municipio del pa\u00eds; tambi\u00e9n se dotar\u00e1 de una ambulancia nueva para cada municipio \u00aby tendremos en funcionamiento el instituto tecnol\u00f3gico de la salud para formar, certificar a nuevos trabajadores de salud\u00bb.<\/p>\n<p>\u00abVamos a garantizar en todos los hospitales, clavos, placas, materiales de osteos\u00edntesis para la atenci\u00f3n a pacientes con traumas. Crearemos la central de cl\u00ednicas m\u00f3viles para tener ah\u00ed al llamado a todas estas cl\u00ednicas que se mueven y realizan estas decenas de miles de atenciones en todo el pa\u00eds.<\/p>\n<p>\u201cFortaleceremos atenci\u00f3n a pacientes con enfermedades renales cr\u00f3nicas; crearemos centros quir\u00fargicos regionales para realizar cirug\u00edas de mayor demanda en el pa\u00eds y vamos tambi\u00e9n a trabajar para personas con necesidades especiales, esto con las alcald\u00edas, centros de atenci\u00f3n en todos los municipios del pa\u00eds\u00bb, precis\u00f3.<\/p>\n<p>Murillo anunci\u00f3 que la primera jornada de vacunaci\u00f3n del a\u00f1o se realizar\u00e1 entre el 17 de abril y el 5 de mayo con la aplicaci\u00f3n de un mill\u00f3n 112 mil dosis de vacunas contra distintas enfermedades.<\/p>\n<p>\u00abBrigadistas van a participar vacunando en escuelas, puestos de vacunaci\u00f3n; van a participar trabajadores de la salud, gabinetes de la familia, j\u00f3venes y l\u00edderes comunitarios, 10 mil puestos de vacunaci\u00f3n a nivel urbano se van a habilitar para proteger a la poblaci\u00f3n contra 16 enfermedades\u00bb, indic\u00f3.<\/p>\n<p>Tambi\u00e9n coment\u00f3 que las cl\u00ednicas m\u00f3viles han atendido a m\u00e1s de 65 mil pacientes en lo que va del a\u00f1o.<\/p>\n","protected":false},"excerpt":{"rendered":"<p>En noviembre pr\u00f3ximo Nicaragua instalar\u00e1 el primer acelerador lineal para el tratamiento de radioterapias modernas en contra de c\u00e9lulas cancerosas. Es una de las 25 l\u00edneas de trabajo que desarrollar\u00e1 el Ministerio de Salud (Minsa), en este 2017. Rosario Murillo, vicepresidenta de la Rep\u00fablica, anunci\u00f3 adem\u00e1s que este a\u00f1o el Minsa va a realizar 37 [&hellip;]<\/p>\n","protected":false},"author":1,"featured_media":45876,"comment_status":"open","ping_status":"open","sticky":false,"template":"","format":"standard","meta":{"om_disable_all_campaigns":false,"_monsterinsights_skip_tracking":false,"_monsterinsights_sitenote_active":false,"_monsterinsights_sitenote_note":"","_monsterinsights_sitenote_category":0,"footnotes":""},"categories":[7,3524,13],"tags":[],"class_list":["post-45875","post","type-post","status-publish","format-standard","has-post-thumbnail","hentry","category-salud-y-belleza","category-noticas","category-portada"],"aioseo_notices":[],"_links":{"self":[{"href":"https:\/\/elcronistadigital.com\/index.php?rest_route=\/wp\/v2\/posts\/45875","targetHints":{"allow":["GET"]}}],"collection":[{"href":"https:\/\/elcronistadigital.com\/index.php?rest_route=\/wp\/v2\/posts"}],"about":[{"href":"https:\/\/elcronistadigital.com\/index.php?rest_route=\/wp\/v2\/types\/post"}],"author":[{"embeddable":true,"href":"https:\/\/elcronistadigital.com\/index.php?rest_route=\/wp\/v2\/users\/1"}],"replies":[{"embeddable":true,"href":"https:\/\/elcronistadigital.com\/index.php?rest_route=%2Fwp%2Fv2%2Fcomments&post=45875"}],"version-history":[{"count":1,"href":"https:\/\/elcronistadigital.com\/index.php?rest_route=\/wp\/v2\/posts\/45875\/revisions"}],"predecessor-version":[{"id":45877,"href":"https:\/\/elcronistadigital.com\/index.php?rest_route=\/wp\/v2\/posts\/45875\/revisions\/45877"}],"wp:featuredmedia":[{"embeddable":true,"href":"https:\/\/elcronistadigital.com\/index.php?rest_route=\/wp\/v2\/media\/45876"}],"wp:attachment":[{"href":"https:\/\/elcronistadigital.com\/index.php?rest_route=%2Fwp%2Fv2%2Fmedia&parent=45875"}],"wp:term":[{"taxonomy":"category","embeddable":true,"href":"https:\/\/elcronistadigital.com\/index.php?rest_route=%2Fwp%2Fv2%2Fcategories&post=45875"},{"taxonomy":"post_tag","embeddable":true,"href":"https:\/\/elcronistadigital.com\/index.php?rest_route=%2Fwp%2Fv2%2Ftags&post=45875"}],"curies":[{"name":"wp","href":"https:\/\/api.w.org\/{rel}","templated":true}]}}