{"id":45885,"date":"2017-01-24T09:22:08","date_gmt":"2017-01-24T15:22:08","guid":{"rendered":"http:\/\/elcronistadigital.com\/?p=45885"},"modified":"2017-01-24T09:22:08","modified_gmt":"2017-01-24T15:22:08","slug":"ministra-de-nicaragua-elogia-programa-cubano-educa-a-tu-hijo","status":"publish","type":"post","link":"https:\/\/elcronistadigital.com\/?p=45885","title":{"rendered":"Ministra de Nicaragua elogia programa cubano \u201cEduca a tu hijo\u201d"},"content":{"rendered":"<p><a href=\"https:\/\/elcronistadigital.com\/wp-content\/uploads\/2017\/01\/educa.jpg\"><img loading=\"lazy\" decoding=\"async\" class=\"alignleft size-full wp-image-45886\" alt=\"educa\" src=\"https:\/\/elcronistadigital.com\/wp-content\/uploads\/2017\/01\/educa.jpg\" width=\"300\" height=\"225\" srcset=\"https:\/\/elcronistadigital.com\/wp-content\/uploads\/2017\/01\/educa.jpg 300w, https:\/\/elcronistadigital.com\/wp-content\/uploads\/2017\/01\/educa-60x45.jpg 60w, https:\/\/elcronistadigital.com\/wp-content\/uploads\/2017\/01\/educa-150x113.jpg 150w, https:\/\/elcronistadigital.com\/wp-content\/uploads\/2017\/01\/educa-269x201.jpg 269w\" sizes=\"auto, (max-width: 300px) 100vw, 300px\" \/><\/a>Marcia Ram\u00edrez, titular del Ministerio de Familia, Adolescencia y Ni\u00f1ez de Nicaragua, elogi\u00f3 este lunes en La Habana, el programa cubano Educa a tu hijo, del cual resalt\u00f3 la ense\u00f1anza de la prevenci\u00f3n de la violencia desde edades tempranas.<\/p>\n<p>Ram\u00edrez, quien participa en el II Simposio Internacional Violencia de G\u00e9nero, Prostituci\u00f3n, Turismo Sexual y Trata de Personas Berta C\u00e1ceres in Memoriam, expres\u00f3 a la ACN la trascendencia del proyecto educativo, que se implementa en su pa\u00eds con el nombre Amor por los m\u00e1s chiquitos y chiquitas.<\/p>\n<p>Basada en la experiencia cubana creemos que este programa permitir\u00e1 a las nuevas generaciones tener otras visiones y formas de relacionarse, diferentes a los modelos de hegemon\u00eda patriarcal imperante en el mundo, enfatiz\u00f3.<\/p>\n<p>La ministra subray\u00f3 tambi\u00e9n en la retroalimentaci\u00f3n de madres y padres con su descendencia, en la necesidad de acompa\u00f1ar a las familias en estos procesos y de ense\u00f1ar desde la cuna a prevenir la violencia.<\/p>\n<p>Los procesos de cambio comienzan por nosotros mismos, signific\u00f3, y con tal premisa mencion\u00f3 las diversas acciones de inclusi\u00f3n social y de empoderamiento femenino que impulsa el gobierno popular guiado por el presidente Daniel Ortega.<\/p>\n<p>Adem\u00e1s, coment\u00f3 que promover, prevenir y atender son tres puntos fundamentales en el sistema de alerta temprana de la violencia hacia las mujeres, ni\u00f1as y ni\u00f1os, la cual tiene una ruta trazada en Nicaragua, que castiga con el peso de la ley a quien atente contra estos grupos vulnerables.<\/p>\n<p>Sobre las problem\u00e1ticas violencia de g\u00e9nero, prostituci\u00f3n, turismo sexual y trata de personas, dijo que tienen sus bases en los patrones culturales, y por ello resulta esencial dialogar a lo interno de las familias, y desde ah\u00ed hacer una revoluci\u00f3n de la conciencia para transformar esos esquemas que legitiman al hombre como ser supremo y a la mujer de aceptar la subordinaci\u00f3n.<\/p>\n<p>Ram\u00edrez insisti\u00f3 en la necesidad de espacios para el debate, donde se compartan las buenas pr\u00e1cticas de los pa\u00edses y el aprendizaje, pues \u201cen estos temas nada est\u00e1 escrito y la realidad es cambiante\u201d, acot\u00f3.<\/p>\n<p>Desde este lunes y hasta el mi\u00e9rcoles sesiona este II Simposio en el Centro Internacional de Salud La Pradera, en el cual participan acad\u00e9micos, investigadores y activistas sociales de Alemania, Suecia, Nicaragua, Guatemala, M\u00e9xico, Ecuador, Estados Unidos y del pa\u00eds sede.<\/p>\n<p>Fuente: Radio Rebelde.<\/p>\n","protected":false},"excerpt":{"rendered":"<p>Marcia Ram\u00edrez, titular del Ministerio de Familia, Adolescencia y Ni\u00f1ez de Nicaragua, elogi\u00f3 este lunes en La Habana, el programa cubano Educa a tu hijo, del cual resalt\u00f3 la ense\u00f1anza de la prevenci\u00f3n de la violencia desde edades tempranas. Ram\u00edrez, quien participa en el II Simposio Internacional Violencia de G\u00e9nero, Prostituci\u00f3n, Turismo Sexual y Trata [&hellip;]<\/p>\n","protected":false},"author":1,"featured_media":45886,"comment_status":"open","ping_status":"open","sticky":false,"template":"","format":"standard","meta":{"om_disable_all_campaigns":false,"_monsterinsights_skip_tracking":false,"_monsterinsights_sitenote_active":false,"_monsterinsights_sitenote_note":"","_monsterinsights_sitenote_category":0,"footnotes":""},"categories":[3524,13],"tags":[],"class_list":["post-45885","post","type-post","status-publish","format-standard","has-post-thumbnail","hentry","category-noticas","category-portada"],"aioseo_notices":[],"_links":{"self":[{"href":"https:\/\/elcronistadigital.com\/index.php?rest_route=\/wp\/v2\/posts\/45885","targetHints":{"allow":["GET"]}}],"collection":[{"href":"https:\/\/elcronistadigital.com\/index.php?rest_route=\/wp\/v2\/posts"}],"about":[{"href":"https:\/\/elcronistadigital.com\/index.php?rest_route=\/wp\/v2\/types\/post"}],"author":[{"embeddable":true,"href":"https:\/\/elcronistadigital.com\/index.php?rest_route=\/wp\/v2\/users\/1"}],"replies":[{"embeddable":true,"href":"https:\/\/elcronistadigital.com\/index.php?rest_route=%2Fwp%2Fv2%2Fcomments&post=45885"}],"version-history":[{"count":1,"href":"https:\/\/elcronistadigital.com\/index.php?rest_route=\/wp\/v2\/posts\/45885\/revisions"}],"predecessor-version":[{"id":45887,"href":"https:\/\/elcronistadigital.com\/index.php?rest_route=\/wp\/v2\/posts\/45885\/revisions\/45887"}],"wp:featuredmedia":[{"embeddable":true,"href":"https:\/\/elcronistadigital.com\/index.php?rest_route=\/wp\/v2\/media\/45886"}],"wp:attachment":[{"href":"https:\/\/elcronistadigital.com\/index.php?rest_route=%2Fwp%2Fv2%2Fmedia&parent=45885"}],"wp:term":[{"taxonomy":"category","embeddable":true,"href":"https:\/\/elcronistadigital.com\/index.php?rest_route=%2Fwp%2Fv2%2Fcategories&post=45885"},{"taxonomy":"post_tag","embeddable":true,"href":"https:\/\/elcronistadigital.com\/index.php?rest_route=%2Fwp%2Fv2%2Ftags&post=45885"}],"curies":[{"name":"wp","href":"https:\/\/api.w.org\/{rel}","templated":true}]}}