{"id":45891,"date":"2017-01-24T12:28:32","date_gmt":"2017-01-24T18:28:32","guid":{"rendered":"http:\/\/elcronistadigital.com\/?p=45891"},"modified":"2017-01-24T12:28:32","modified_gmt":"2017-01-24T18:28:32","slug":"cargill-entregara-paquetes-escolares-a-casi-8-mil-ninos","status":"publish","type":"post","link":"https:\/\/elcronistadigital.com\/?p=45891","title":{"rendered":"Cargill entregar\u00e1 paquetes escolares a casi 8 mil ni\u00f1os"},"content":{"rendered":"<p><a href=\"https:\/\/elcronistadigital.com\/wp-content\/uploads\/2017\/01\/cuader.jpg\"><img loading=\"lazy\" decoding=\"async\" class=\"alignleft size-full wp-image-45892\" alt=\"cuader\" src=\"https:\/\/elcronistadigital.com\/wp-content\/uploads\/2017\/01\/cuader.jpg\" width=\"450\" height=\"300\" srcset=\"https:\/\/elcronistadigital.com\/wp-content\/uploads\/2017\/01\/cuader.jpg 450w, https:\/\/elcronistadigital.com\/wp-content\/uploads\/2017\/01\/cuader-300x200.jpg 300w, https:\/\/elcronistadigital.com\/wp-content\/uploads\/2017\/01\/cuader-342x228.jpg 342w\" sizes=\"auto, (max-width: 450px) 100vw, 450px\" \/><\/a>Cargill, a trav\u00e9s de sus programas de Responsabilidad Social Empresarial, dar\u00e1 la bienvenida al nuevo a\u00f1o lectivo con la entrega de 7,810 paquetes educativos a igual n\u00famero de ni\u00f1os y ni\u00f1as de educaci\u00f3n pre-escolar y primaria de 30 escuelas, de las cuales 26 forman parte del proyecto Nutriendo el Futuro, auspiciado por Cargill, en asocio con CARE Internacional y ejecutado en Nicaragua por Fundaci\u00f3n Fabretto.<\/p>\n<p>En la jornada \u201cA clases con Cargill\u201d, participar\u00e1n cerca de 1,000 asociados voluntarios de las plantas de Cargill y sus distribuidoras, y ser\u00e1n beneficiadas escuelas ubicadas en los municipios de Ticuantepe, Masaya, Nindir\u00ed, Tipitapa, Chinandega, Chichigalpa, Estel\u00ed, Matagalpa y Le\u00f3n.<\/p>\n<p>Los paquetes que se entregar\u00e1n a los ni\u00f1os y ni\u00f1as incluyen: cuadernos con mensajes educativos sobre la importancia de la alimentaci\u00f3n saludable; l\u00e1pices, crayolas, reglas, l\u00e1pices de colores. Adem\u00e1s se entregar\u00e1 material de apoyo a 250 docentes.<\/p>\n<p>La inversi\u00f3n de esta jornada es superior a los 30 mil d\u00f3lares, y contribuir\u00e1 al desarrollo y mejoramiento de los procesos de ense\u00f1anza durante este 2017. \u201cA Clases con Cargill es parte del trabajo que realizamos a lo largo del a\u00f1o para contribuir a mejorar la nutrici\u00f3n de estudiantes de escuelas cercanas a nuestros centros de operaciones., destac\u00f3 Mar\u00eda Nelly Rivas, gerente regional de Responsabilidad Social Empresarial de Cargill Centroam\u00e9rica.<\/p>\n<p>Estas acciones se complementan con campa\u00f1as informativas sobre nutrici\u00f3n de las marcas Tip-Top y Cainsa. As\u00ed mismo, Cainsa estar\u00e1 donando parte de sus ventas de febrero para la compra de \u00fatiles escolares.<\/p>\n","protected":false},"excerpt":{"rendered":"<p>Cargill, a trav\u00e9s de sus programas de Responsabilidad Social Empresarial, dar\u00e1 la bienvenida al nuevo a\u00f1o lectivo con la entrega de 7,810 paquetes educativos a igual n\u00famero de ni\u00f1os y ni\u00f1as de educaci\u00f3n pre-escolar y primaria de 30 escuelas, de las cuales 26 forman parte del proyecto Nutriendo el Futuro, auspiciado por Cargill, en asocio [&hellip;]<\/p>\n","protected":false},"author":1,"featured_media":45892,"comment_status":"open","ping_status":"open","sticky":false,"template":"","format":"standard","meta":{"om_disable_all_campaigns":false,"_monsterinsights_skip_tracking":false,"_monsterinsights_sitenote_active":false,"_monsterinsights_sitenote_note":"","_monsterinsights_sitenote_category":0,"footnotes":""},"categories":[14],"tags":[],"class_list":["post-45891","post","type-post","status-publish","format-standard","has-post-thumbnail","hentry","category-empresas"],"aioseo_notices":[],"_links":{"self":[{"href":"https:\/\/elcronistadigital.com\/index.php?rest_route=\/wp\/v2\/posts\/45891","targetHints":{"allow":["GET"]}}],"collection":[{"href":"https:\/\/elcronistadigital.com\/index.php?rest_route=\/wp\/v2\/posts"}],"about":[{"href":"https:\/\/elcronistadigital.com\/index.php?rest_route=\/wp\/v2\/types\/post"}],"author":[{"embeddable":true,"href":"https:\/\/elcronistadigital.com\/index.php?rest_route=\/wp\/v2\/users\/1"}],"replies":[{"embeddable":true,"href":"https:\/\/elcronistadigital.com\/index.php?rest_route=%2Fwp%2Fv2%2Fcomments&post=45891"}],"version-history":[{"count":1,"href":"https:\/\/elcronistadigital.com\/index.php?rest_route=\/wp\/v2\/posts\/45891\/revisions"}],"predecessor-version":[{"id":45893,"href":"https:\/\/elcronistadigital.com\/index.php?rest_route=\/wp\/v2\/posts\/45891\/revisions\/45893"}],"wp:featuredmedia":[{"embeddable":true,"href":"https:\/\/elcronistadigital.com\/index.php?rest_route=\/wp\/v2\/media\/45892"}],"wp:attachment":[{"href":"https:\/\/elcronistadigital.com\/index.php?rest_route=%2Fwp%2Fv2%2Fmedia&parent=45891"}],"wp:term":[{"taxonomy":"category","embeddable":true,"href":"https:\/\/elcronistadigital.com\/index.php?rest_route=%2Fwp%2Fv2%2Fcategories&post=45891"},{"taxonomy":"post_tag","embeddable":true,"href":"https:\/\/elcronistadigital.com\/index.php?rest_route=%2Fwp%2Fv2%2Ftags&post=45891"}],"curies":[{"name":"wp","href":"https:\/\/api.w.org\/{rel}","templated":true}]}}