{"id":45897,"date":"2017-01-25T08:20:48","date_gmt":"2017-01-25T14:20:48","guid":{"rendered":"http:\/\/elcronistadigital.com\/?p=45897"},"modified":"2017-01-25T08:21:54","modified_gmt":"2017-01-25T14:21:54","slug":"costa-rica-pelea-en-el-caribe-por-presunto-petroleo","status":"publish","type":"post","link":"https:\/\/elcronistadigital.com\/?p=45897","title":{"rendered":"Costa Rica pelea en el Caribe por presunto petr\u00f3leo"},"content":{"rendered":"<div id=\"attachment_45898\" style=\"width: 460px\" class=\"wp-caption alignleft\"><a href=\"https:\/\/elcronistadigital.com\/wp-content\/uploads\/2017\/01\/mapanicaragua.jpg\"><img loading=\"lazy\" decoding=\"async\" aria-describedby=\"caption-attachment-45898\" class=\"size-full wp-image-45898\" alt=\"El petr\u00f3leo que podr\u00eda existir en el mar Caribe es la principal raz\u00f3n de la demanda de Costa Rica contra Nicaragua.\" src=\"https:\/\/elcronistadigital.com\/wp-content\/uploads\/2017\/01\/mapanicaragua.jpg\" width=\"450\" height=\"344\" srcset=\"https:\/\/elcronistadigital.com\/wp-content\/uploads\/2017\/01\/mapanicaragua.jpg 450w, https:\/\/elcronistadigital.com\/wp-content\/uploads\/2017\/01\/mapanicaragua-300x229.jpg 300w, https:\/\/elcronistadigital.com\/wp-content\/uploads\/2017\/01\/mapanicaragua-342x261.jpg 342w, https:\/\/elcronistadigital.com\/wp-content\/uploads\/2017\/01\/mapanicaragua-60x45.jpg 60w\" sizes=\"auto, (max-width: 450px) 100vw, 450px\" \/><\/a><p id=\"caption-attachment-45898\" class=\"wp-caption-text\">El petr\u00f3leo que podr\u00eda existir en el mar Caribe es la principal raz\u00f3n de la demanda de Costa Rica contra Nicaragua.<\/p><\/div>\n<p>Costa Rica busca ganar centenares y quiz\u00e1s miles de kil\u00f3metros cuadrados de mar territorial en el Caribe, con la reciente demanda interpuesta en La Haya en contra de Nicaragua por la presencia de soldados pinoleros en un territorio que nuestro pa\u00eds ha considerado desde siempre como propio.<\/p>\n<p>En realidad no son los soldados la preocupaci\u00f3n del gobierno tico, sino la posibilidad de alzarse con ese trozo de territorio nicarag\u00fcense, que le permitir\u00eda proyectar su territorio en el oc\u00e9ano en una zona donde nunca ha ejercido soberan\u00eda y en la que podria existir petr\u00f3leo.<\/p>\n<p>Ante la Corte Internacional de Justicia (CIJ), San Jos\u00e9 denunci\u00f3 que Managua viol\u00f3 su territorio al colocar un destacamento de su Ej\u00e9rcito en la playa comprendida entre la laguna Los Portillos (Harbor Head, como se le llama en Nicaragua) y la desembocadura del r\u00edo San Juan.<\/p>\n<p>Es una playa de 1,8 kil\u00f3metros frente al Caribe, sobre la cual Nicaragua reclama soberan\u00eda, seg\u00fan una nota diplom\u00e1tica del 2016.<\/p>\n<p>El gobierno tico en su demanda ante la CIJ pidi\u00f3 delimitar una peque\u00f1a barra de arena nicarag\u00fcense, que est\u00e1 al sur de dicha playa, con lo que, por un efecto rebote, se confirmar\u00eda la soberan\u00eda sobre el extremo norte.<\/p>\n<p>Esa barra est\u00e1 al frente de la laguna Los Portillos, que ambos pa\u00edses reconocen como nicarag\u00fcense. De hecho, la separa del mar Caribe. Los ticos pidieron a los jueces fijar sus l\u00edmites tanto al sur como al norte.<\/p>\n<p>Dependiendo de c\u00f3mo la Corte haga la delimitaci\u00f3n, Costa Rica podr\u00eda ganar espacio mar\u00edtimo. A San Jos\u00e9 le sirve que se inicie en el punto m\u00e1s n\u00f3rdico de la playa, junto a la desembocadura del San Juan, mientras que Managua se ver\u00eda favorecida si es el extremo sur de la laguna Los Portillos. Entre ambos lugares, hay 3 kil\u00f3metros de distancia.<\/p>\n<p>Ante este panorama, la nueva querella incidir\u00e1 en la demanda que Costa Rica interpuso contra Nicaragua en el a\u00f1o 2014 para definir los l\u00edmites mar\u00edtimos entre ambas naciones en el Caribe y en el Pac\u00edfico. Por eso, solicit\u00f3 que se tramiten bajo un mismo expediente.<\/p>\n<p>Una diferencia en el l\u00edmite terrestre tiene gran incidencia en el l\u00edmite mar\u00edtimo, pues es desde ah\u00ed donde se trazan las l\u00edneas imaginarias para definir la frontera en el mar.<\/p>\n","protected":false},"excerpt":{"rendered":"<p>Costa Rica busca ganar centenares y quiz\u00e1s miles de kil\u00f3metros cuadrados de mar territorial en el Caribe, con la reciente demanda interpuesta en La Haya en contra de Nicaragua por la presencia de soldados pinoleros en un territorio que nuestro pa\u00eds ha considerado desde siempre como propio. En realidad no son los soldados la preocupaci\u00f3n [&hellip;]<\/p>\n","protected":false},"author":1,"featured_media":45898,"comment_status":"open","ping_status":"open","sticky":false,"template":"","format":"standard","meta":{"om_disable_all_campaigns":false,"_monsterinsights_skip_tracking":false,"_monsterinsights_sitenote_active":false,"_monsterinsights_sitenote_note":"","_monsterinsights_sitenote_category":0,"footnotes":""},"categories":[3524,13],"tags":[],"class_list":["post-45897","post","type-post","status-publish","format-standard","has-post-thumbnail","hentry","category-noticas","category-portada"],"aioseo_notices":[],"_links":{"self":[{"href":"https:\/\/elcronistadigital.com\/index.php?rest_route=\/wp\/v2\/posts\/45897","targetHints":{"allow":["GET"]}}],"collection":[{"href":"https:\/\/elcronistadigital.com\/index.php?rest_route=\/wp\/v2\/posts"}],"about":[{"href":"https:\/\/elcronistadigital.com\/index.php?rest_route=\/wp\/v2\/types\/post"}],"author":[{"embeddable":true,"href":"https:\/\/elcronistadigital.com\/index.php?rest_route=\/wp\/v2\/users\/1"}],"replies":[{"embeddable":true,"href":"https:\/\/elcronistadigital.com\/index.php?rest_route=%2Fwp%2Fv2%2Fcomments&post=45897"}],"version-history":[{"count":2,"href":"https:\/\/elcronistadigital.com\/index.php?rest_route=\/wp\/v2\/posts\/45897\/revisions"}],"predecessor-version":[{"id":45900,"href":"https:\/\/elcronistadigital.com\/index.php?rest_route=\/wp\/v2\/posts\/45897\/revisions\/45900"}],"wp:featuredmedia":[{"embeddable":true,"href":"https:\/\/elcronistadigital.com\/index.php?rest_route=\/wp\/v2\/media\/45898"}],"wp:attachment":[{"href":"https:\/\/elcronistadigital.com\/index.php?rest_route=%2Fwp%2Fv2%2Fmedia&parent=45897"}],"wp:term":[{"taxonomy":"category","embeddable":true,"href":"https:\/\/elcronistadigital.com\/index.php?rest_route=%2Fwp%2Fv2%2Fcategories&post=45897"},{"taxonomy":"post_tag","embeddable":true,"href":"https:\/\/elcronistadigital.com\/index.php?rest_route=%2Fwp%2Fv2%2Ftags&post=45897"}],"curies":[{"name":"wp","href":"https:\/\/api.w.org\/{rel}","templated":true}]}}