{"id":45913,"date":"2017-01-25T18:45:33","date_gmt":"2017-01-26T00:45:33","guid":{"rendered":"http:\/\/elcronistadigital.com\/?p=45913"},"modified":"2017-01-25T18:45:33","modified_gmt":"2017-01-26T00:45:33","slug":"111-bardos-confirmados-para-festival-de-granada","status":"publish","type":"post","link":"https:\/\/elcronistadigital.com\/?p=45913","title":{"rendered":"111 bardos confirmados para festival de Granada"},"content":{"rendered":"<p><a href=\"https:\/\/elcronistadigital.com\/wp-content\/uploads\/2017\/01\/festival-Granada.jpg\"><img loading=\"lazy\" decoding=\"async\" class=\"alignleft size-full wp-image-45914\" alt=\"festival Granada\" src=\"https:\/\/elcronistadigital.com\/wp-content\/uploads\/2017\/01\/festival-Granada.jpg\" width=\"450\" height=\"252\" srcset=\"https:\/\/elcronistadigital.com\/wp-content\/uploads\/2017\/01\/festival-Granada.jpg 450w, https:\/\/elcronistadigital.com\/wp-content\/uploads\/2017\/01\/festival-Granada-300x168.jpg 300w, https:\/\/elcronistadigital.com\/wp-content\/uploads\/2017\/01\/festival-Granada-342x191.jpg 342w\" sizes=\"auto, (max-width: 450px) 100vw, 450px\" \/><\/a>Al menos 111 poetas de 61 pa\u00edses han confirmado su asistencia al XIII Festival Internacional de Poes\u00eda, que se celebrar\u00e1 el pr\u00f3ximo mes en la ciudad nicarag\u00fcense de Granada, informaron este mi\u00e9rcoles sus organizadores.<\/p>\n<p>Seg\u00fan anunci\u00f3 Francisco de As\u00eds Fern\u00e1ndez, presidente del Festival, el evento cultural que se realiza desde 2005 estar\u00e1 dedicado este a\u00f1o al poeta nicarag\u00fcense Manolo Cuadra (1907-1957), uno de los fundadores del llamado Movimiento de Vanguardia que inici\u00f3 en 1936.<\/p>\n<p>El XIII Festival Internacional de Poes\u00eda tambi\u00e9n rendir\u00e1 homenaje al poeta guerrillero salvadore\u00f1o Roque Dalton (1935-1975), asesinado por sus propios compa\u00f1eros durante la cruenta guerra que estremeci\u00f3 a ese pa\u00eds.<\/p>\n<p>Considerado el festival po\u00e9tico de mayor relevancia en Am\u00e9rica, el evento se realizar\u00e1 del 12 al 18 de febrero pr\u00f3ximo en Granada, ciudad colonial a 45 kil\u00f3metros de la capital, Managua, indic\u00f3.<\/p>\n<p>Como es tradicional, el programa incluir\u00e1 encuentros, conferencias, expoventa de libros y artesan\u00edas, conciertos musicales y lectura de poemas en parques y esquinas de la ciudad, donde cada a\u00f1o se dan cita millares de turistas y amantes de las letras.<\/p>\n<p>Tambi\u00e9n se recordar\u00e1 el 150 aniversario del natalicio del poeta nicarag\u00fcense Rub\u00e9n Dar\u00edo (1867-1916), precursor del modernismo literario y conocido como \u00abel pr\u00edncipe de las letras castellanas\u00bb.<\/p>\n<p>Seg\u00fan Fern\u00e1ndez, desde su primera edici\u00f3n en 2005 el Festival ha reunido a m\u00e1s de 1.200 poetas de 98 pa\u00edses, con una asistencia calculada en m\u00e1s de un mill\u00f3n de personas.<\/p>\n<p>Entre los invitados de este a\u00f1o figuran el espa\u00f1ol Antonio Gamoneda, Premio Cervantes de Literatura (2006) y Premio Reina Sof\u00eda (2006); el chileno Ra\u00fal Zurita, Premio Iberoamericano de Poes\u00eda Pablo Neruda (2016), y el ruso Evgueni Evtuchenko.<\/p>\n<p>Tambi\u00e9n han confirmado su asistencia, entre muchos otros, los mexicanos Manuel Cuautle, Laura Hern\u00e1ndez y Lina Zer\u00f3n, el cubano V\u00edctor Rodr\u00edguez N\u00fa\u00f1ez, el chileno Ra\u00fal Zurita y el argentino Jorge Boccanera.<\/p>\n","protected":false},"excerpt":{"rendered":"<p>Al menos 111 poetas de 61 pa\u00edses han confirmado su asistencia al XIII Festival Internacional de Poes\u00eda, que se celebrar\u00e1 el pr\u00f3ximo mes en la ciudad nicarag\u00fcense de Granada, informaron este mi\u00e9rcoles sus organizadores. Seg\u00fan anunci\u00f3 Francisco de As\u00eds Fern\u00e1ndez, presidente del Festival, el evento cultural que se realiza desde 2005 estar\u00e1 dedicado este a\u00f1o [&hellip;]<\/p>\n","protected":false},"author":1,"featured_media":45914,"comment_status":"open","ping_status":"open","sticky":false,"template":"","format":"standard","meta":{"om_disable_all_campaigns":false,"_monsterinsights_skip_tracking":false,"_monsterinsights_sitenote_active":false,"_monsterinsights_sitenote_note":"","_monsterinsights_sitenote_category":0,"footnotes":""},"categories":[3,10,3524],"tags":[],"class_list":["post-45913","post","type-post","status-publish","format-standard","has-post-thumbnail","hentry","category-nacionales","category-cultura","category-noticas"],"aioseo_notices":[],"_links":{"self":[{"href":"https:\/\/elcronistadigital.com\/index.php?rest_route=\/wp\/v2\/posts\/45913","targetHints":{"allow":["GET"]}}],"collection":[{"href":"https:\/\/elcronistadigital.com\/index.php?rest_route=\/wp\/v2\/posts"}],"about":[{"href":"https:\/\/elcronistadigital.com\/index.php?rest_route=\/wp\/v2\/types\/post"}],"author":[{"embeddable":true,"href":"https:\/\/elcronistadigital.com\/index.php?rest_route=\/wp\/v2\/users\/1"}],"replies":[{"embeddable":true,"href":"https:\/\/elcronistadigital.com\/index.php?rest_route=%2Fwp%2Fv2%2Fcomments&post=45913"}],"version-history":[{"count":1,"href":"https:\/\/elcronistadigital.com\/index.php?rest_route=\/wp\/v2\/posts\/45913\/revisions"}],"predecessor-version":[{"id":45915,"href":"https:\/\/elcronistadigital.com\/index.php?rest_route=\/wp\/v2\/posts\/45913\/revisions\/45915"}],"wp:featuredmedia":[{"embeddable":true,"href":"https:\/\/elcronistadigital.com\/index.php?rest_route=\/wp\/v2\/media\/45914"}],"wp:attachment":[{"href":"https:\/\/elcronistadigital.com\/index.php?rest_route=%2Fwp%2Fv2%2Fmedia&parent=45913"}],"wp:term":[{"taxonomy":"category","embeddable":true,"href":"https:\/\/elcronistadigital.com\/index.php?rest_route=%2Fwp%2Fv2%2Fcategories&post=45913"},{"taxonomy":"post_tag","embeddable":true,"href":"https:\/\/elcronistadigital.com\/index.php?rest_route=%2Fwp%2Fv2%2Ftags&post=45913"}],"curies":[{"name":"wp","href":"https:\/\/api.w.org\/{rel}","templated":true}]}}