{"id":45922,"date":"2017-01-26T07:20:28","date_gmt":"2017-01-26T13:20:28","guid":{"rendered":"http:\/\/elcronistadigital.com\/?p=45922"},"modified":"2017-01-26T07:31:45","modified_gmt":"2017-01-26T13:31:45","slug":"nicaragua-apoya-a-venezuela-con-palma-africana","status":"publish","type":"post","link":"https:\/\/elcronistadigital.com\/?p=45922","title":{"rendered":"Nicaragua apoya a Venezuela con palma africana"},"content":{"rendered":"<p><a href=\"https:\/\/elcronistadigital.com\/wp-content\/uploads\/2017\/01\/palma.jpg\"><img loading=\"lazy\" decoding=\"async\" class=\"alignleft size-full wp-image-45923\" alt=\"palma\" src=\"https:\/\/elcronistadigital.com\/wp-content\/uploads\/2017\/01\/palma.jpg\" width=\"450\" height=\"227\" srcset=\"https:\/\/elcronistadigital.com\/wp-content\/uploads\/2017\/01\/palma.jpg 450w, https:\/\/elcronistadigital.com\/wp-content\/uploads\/2017\/01\/palma-300x151.jpg 300w, https:\/\/elcronistadigital.com\/wp-content\/uploads\/2017\/01\/palma-342x172.jpg 342w\" sizes=\"auto, (max-width: 450px) 100vw, 450px\" \/><\/a>El gobernador del Estado de Zulia, en Venezuela, Francisco Arias C\u00e1rdenas, inform\u00f3 el 25 de enero a trav\u00e9s de su cuenta en Twitter, que sostuvo un encuentro con empresarios nicarag\u00fcenses para promover el procesamiento de productos derivados de la palma aceitera en el Sur del Lago de Maracaibo.<\/p>\n<p>\u201cRealizamos a esta hora reuni\u00f3n con empresarios nicarag\u00fcenses para promover alianzas que impulsen el procesamiento de la Palma aceitera\u201d, public\u00f3 en su cuenta de Twitter @PanchoArias2012<\/p>\n<p>Arias C\u00e1rdenas expres\u00f3 que coordinan alianzas entre los representantes comerciales de Nicaragua y el gobierno venezolano a trav\u00e9s del Fondo para el Desarrollo Econ\u00f3mico y Social del estado Zulia Fondesez, en materia de refinaci\u00f3n y procesamiento de la palma aceitera.<\/p>\n<p>\u201cEl Sur del Lago de Maracaibo alberga m\u00e1s de 50.000 hect\u00e1reas sembradas de palma aceitera y buscamos impulsar el procesamiento de derivados\u201d, asegur\u00f3 en la red social.<\/p>\n<p>Asimismo, el gobernador Arias C\u00e1rdenas expuso que durante el conversatorio se establecieron acuerdos entre las gobernaciones de Falc\u00f3n y Zulia para trasladar desde el Sur del Lago la palma hacia la planta procesadora de aceite, ubicada en Paraguan\u00e1 y que estar\u00e1 en funcionamiento en los pr\u00f3ximos meses.<\/p>\n<p>\u201cEstimamos duplicar estos esfuerzos en el Sur del Lago de Maracaibo y llevar la Palma aceitera a Paraguan\u00e1, donde est\u00e1 establecida la empresa procesadora\u201d, puntualiz\u00f3.<\/p>\n","protected":false},"excerpt":{"rendered":"<p>El gobernador del Estado de Zulia, en Venezuela, Francisco Arias C\u00e1rdenas, inform\u00f3 el 25 de enero a trav\u00e9s de su cuenta en Twitter, que sostuvo un encuentro con empresarios nicarag\u00fcenses para promover el procesamiento de productos derivados de la palma aceitera en el Sur del Lago de Maracaibo. \u201cRealizamos a esta hora reuni\u00f3n con empresarios [&hellip;]<\/p>\n","protected":false},"author":1,"featured_media":45923,"comment_status":"open","ping_status":"open","sticky":false,"template":"","format":"standard","meta":{"om_disable_all_campaigns":false,"_monsterinsights_skip_tracking":false,"_monsterinsights_sitenote_active":false,"_monsterinsights_sitenote_note":"","_monsterinsights_sitenote_category":0,"footnotes":""},"categories":[4,3524,13],"tags":[],"class_list":["post-45922","post","type-post","status-publish","format-standard","has-post-thumbnail","hentry","category-economia","category-noticas","category-portada"],"aioseo_notices":[],"_links":{"self":[{"href":"https:\/\/elcronistadigital.com\/index.php?rest_route=\/wp\/v2\/posts\/45922","targetHints":{"allow":["GET"]}}],"collection":[{"href":"https:\/\/elcronistadigital.com\/index.php?rest_route=\/wp\/v2\/posts"}],"about":[{"href":"https:\/\/elcronistadigital.com\/index.php?rest_route=\/wp\/v2\/types\/post"}],"author":[{"embeddable":true,"href":"https:\/\/elcronistadigital.com\/index.php?rest_route=\/wp\/v2\/users\/1"}],"replies":[{"embeddable":true,"href":"https:\/\/elcronistadigital.com\/index.php?rest_route=%2Fwp%2Fv2%2Fcomments&post=45922"}],"version-history":[{"count":1,"href":"https:\/\/elcronistadigital.com\/index.php?rest_route=\/wp\/v2\/posts\/45922\/revisions"}],"predecessor-version":[{"id":45924,"href":"https:\/\/elcronistadigital.com\/index.php?rest_route=\/wp\/v2\/posts\/45922\/revisions\/45924"}],"wp:featuredmedia":[{"embeddable":true,"href":"https:\/\/elcronistadigital.com\/index.php?rest_route=\/wp\/v2\/media\/45923"}],"wp:attachment":[{"href":"https:\/\/elcronistadigital.com\/index.php?rest_route=%2Fwp%2Fv2%2Fmedia&parent=45922"}],"wp:term":[{"taxonomy":"category","embeddable":true,"href":"https:\/\/elcronistadigital.com\/index.php?rest_route=%2Fwp%2Fv2%2Fcategories&post=45922"},{"taxonomy":"post_tag","embeddable":true,"href":"https:\/\/elcronistadigital.com\/index.php?rest_route=%2Fwp%2Fv2%2Ftags&post=45922"}],"curies":[{"name":"wp","href":"https:\/\/api.w.org\/{rel}","templated":true}]}}