{"id":45925,"date":"2017-01-26T08:02:43","date_gmt":"2017-01-26T14:02:43","guid":{"rendered":"http:\/\/elcronistadigital.com\/?p=45925"},"modified":"2017-01-26T08:02:43","modified_gmt":"2017-01-26T14:02:43","slug":"espana-formara-en-deportes-a-ciegos-de-nicaragua","status":"publish","type":"post","link":"https:\/\/elcronistadigital.com\/?p=45925","title":{"rendered":"Espa\u00f1a formar\u00e1 en deportes a ciegos de Nicaragua"},"content":{"rendered":"<div id=\"attachment_45926\" style=\"width: 280px\" class=\"wp-caption alignleft\"><a href=\"https:\/\/elcronistadigital.com\/wp-content\/uploads\/2017\/01\/Fran-Antolin.jpg\"><img loading=\"lazy\" decoding=\"async\" aria-describedby=\"caption-attachment-45926\" class=\"size-full wp-image-45926\" alt=\"Francisco Alberto Antol\u00edn, el instructor no vidente de Espa\u00f1a.\" src=\"https:\/\/elcronistadigital.com\/wp-content\/uploads\/2017\/01\/Fran-Antolin.jpg\" width=\"270\" height=\"230\" srcset=\"https:\/\/elcronistadigital.com\/wp-content\/uploads\/2017\/01\/Fran-Antolin.jpg 270w, https:\/\/elcronistadigital.com\/wp-content\/uploads\/2017\/01\/Fran-Antolin-234x200.jpg 234w\" sizes=\"auto, (max-width: 270px) 100vw, 270px\" \/><\/a><p id=\"caption-attachment-45926\" class=\"wp-caption-text\">Francisco Alberto Antol\u00edn, el instructor no vidente de Espa\u00f1a.<\/p><\/div>\n<p>Francisco Alberto Antol\u00edn, de Ja\u00e9n, Espa\u00f1a, quien es coordinador deportivo de la ONCE en Granada, va a participar como voluntario en un proyecto de cooperaci\u00f3n internacional impulsado por la Fundaci\u00f3n ONCE para Am\u00e9rica Latina (FOAL), en colaboraci\u00f3n con el Ministerio de Educaci\u00f3n del Gobierno de Nicaragua, para formar a profesores de Educaci\u00f3n F\u00edsica y Especial en el \u00e1mbito del deporte adaptado.<\/p>\n<p>En concreto, va a trabajar conjuntamente con varios profesionales ciegos de Nicaragua en una iniciativa con 75 profesores de educaci\u00f3n f\u00edsica que cuentan con alumnos ciegos en sus aulas, para formarles en la adaptaci\u00f3n de la asignatura y en la pr\u00e1ctica del deporte para estos estudiantes. A todo ello, aplicar\u00e1 la experiencia que ha desarrollado en Granada, Espa\u00f1a, en los cinco \u00faltimos a\u00f1os como coordinador deportivo.<\/p>\n<p>Esta ser\u00e1 la primera vez que acude a Centroam\u00e9rica y se declara \u201cexpectante y emocionado por la responsabilidad que supone \u2013sostiene- trasladar nuestra experiencia a un pa\u00eds centroamericano\u201d. Hijo de agricultores de la peque\u00f1a localidad jienense de Aldea de la Mesa, Fran Antol\u00edn, que es una persona con discapacidad visual, afiliado a la ONCE desde 1988, estudi\u00f3 en los colegios de su provincia y realiz\u00f3 estudios de Formaci\u00f3n Profesional en la rama de Deporte.<\/p>\n<p>Su trayectoria en la ONCE comenz\u00f3 en 1999 como monitor de campamentos y vacaciones sociales, continu\u00f3 en Direcci\u00f3n General, en Madrid, en \u00dabeda y luego en Ja\u00e9n y en Granada, desde 2005 siempre vinculado a tareas de animaci\u00f3n y deporte.<\/p>\n<p>Desde hace dos a\u00f1os, Antolin es voluntario de la FOAL, la Fundaci\u00f3n con la que la ONCE contribuye a la creaci\u00f3n de empleo y mejoras educativas para los ciegos de aquellos pa\u00edses y a consolidar el movimiento asociativo de las personas con discapacidad visual latinoamericanos. En Iberoam\u00e9rica hay cinco millones de personas ciegas y con discapacidad visual grave y la ONCE colabora para promover su plena integraci\u00f3n, laboral y social en sus respectivos Estados a trav\u00e9s de la FOAL<\/p>\n<p>El pr\u00f3ximo 28 de enero partir\u00e1 hacia Managua, la capital de Nicaragua, para compartir su experiencia en el \u00e1mbito deportivo, en una primera etapa durante doce d\u00edas, con profesores llegados desde distintos centros educativos del pa\u00eds con el apoyo del Ministerio de Educaci\u00f3n del Gobierno de Nicaragua, en colaboraci\u00f3n con la FOAL<\/p>\n<p>\u201cLo que m\u00e1s ilusi\u00f3n me hace es la posibilidad de trasladar nuestro proyecto, que es \u00fanico en el mundo, a un pa\u00eds como Nicaragua. Me ilusiona que tengan ganas de empaparse de c\u00f3mo trabajamos aqu\u00ed para que puedan sacar ellos partido. Eso es lo que m\u00e1s me emociona \u2013relata no sin cierto pellizco por la responsabilidad que supone el viaje-. Que pierdan el miedo a la discapacidad y que descubran que no hay l\u00edmites, que tienen las mismas posibilidades de disfrutar del deporte que los dem\u00e1s\u201d.<\/p>\n<p>Francisco Antol\u00edn les ense\u00f1ar\u00e1 que la pr\u00e1ctica deportiva es un cauce excelente para trabajar elementos clave para su vida diaria como la autonom\u00eda personal, la autoestima o las relaciones sociales. \u201cSolo de pensar en la risa de los cr\u00edos cuando el profesor que se haya formado conmigo les ense\u00f1e esas pr\u00e1cticas, me da un vuelco el est\u00f3mago imaginando lo que pueden aprender con nuestro trabajo\u201d, afirma.<\/p>\n","protected":false},"excerpt":{"rendered":"<p>Francisco Alberto Antol\u00edn, de Ja\u00e9n, Espa\u00f1a, quien es coordinador deportivo de la ONCE en Granada, va a participar como voluntario en un proyecto de cooperaci\u00f3n internacional impulsado por la Fundaci\u00f3n ONCE para Am\u00e9rica Latina (FOAL), en colaboraci\u00f3n con el Ministerio de Educaci\u00f3n del Gobierno de Nicaragua, para formar a profesores de Educaci\u00f3n F\u00edsica y Especial [&hellip;]<\/p>\n","protected":false},"author":1,"featured_media":45926,"comment_status":"open","ping_status":"open","sticky":false,"template":"","format":"standard","meta":{"om_disable_all_campaigns":false,"_monsterinsights_skip_tracking":false,"_monsterinsights_sitenote_active":false,"_monsterinsights_sitenote_note":"","_monsterinsights_sitenote_category":0,"footnotes":""},"categories":[3524],"tags":[],"class_list":["post-45925","post","type-post","status-publish","format-standard","has-post-thumbnail","hentry","category-noticas"],"aioseo_notices":[],"_links":{"self":[{"href":"https:\/\/elcronistadigital.com\/index.php?rest_route=\/wp\/v2\/posts\/45925","targetHints":{"allow":["GET"]}}],"collection":[{"href":"https:\/\/elcronistadigital.com\/index.php?rest_route=\/wp\/v2\/posts"}],"about":[{"href":"https:\/\/elcronistadigital.com\/index.php?rest_route=\/wp\/v2\/types\/post"}],"author":[{"embeddable":true,"href":"https:\/\/elcronistadigital.com\/index.php?rest_route=\/wp\/v2\/users\/1"}],"replies":[{"embeddable":true,"href":"https:\/\/elcronistadigital.com\/index.php?rest_route=%2Fwp%2Fv2%2Fcomments&post=45925"}],"version-history":[{"count":1,"href":"https:\/\/elcronistadigital.com\/index.php?rest_route=\/wp\/v2\/posts\/45925\/revisions"}],"predecessor-version":[{"id":45927,"href":"https:\/\/elcronistadigital.com\/index.php?rest_route=\/wp\/v2\/posts\/45925\/revisions\/45927"}],"wp:featuredmedia":[{"embeddable":true,"href":"https:\/\/elcronistadigital.com\/index.php?rest_route=\/wp\/v2\/media\/45926"}],"wp:attachment":[{"href":"https:\/\/elcronistadigital.com\/index.php?rest_route=%2Fwp%2Fv2%2Fmedia&parent=45925"}],"wp:term":[{"taxonomy":"category","embeddable":true,"href":"https:\/\/elcronistadigital.com\/index.php?rest_route=%2Fwp%2Fv2%2Fcategories&post=45925"},{"taxonomy":"post_tag","embeddable":true,"href":"https:\/\/elcronistadigital.com\/index.php?rest_route=%2Fwp%2Fv2%2Ftags&post=45925"}],"curies":[{"name":"wp","href":"https:\/\/api.w.org\/{rel}","templated":true}]}}