{"id":45934,"date":"2017-01-27T11:01:58","date_gmt":"2017-01-27T17:01:58","guid":{"rendered":"http:\/\/elcronistadigital.com\/?p=45934"},"modified":"2017-01-27T11:01:58","modified_gmt":"2017-01-27T17:01:58","slug":"mitad-de-los-nicas-son-obesos","status":"publish","type":"post","link":"https:\/\/elcronistadigital.com\/?p=45934","title":{"rendered":"Mitad de los nicas son obesos"},"content":{"rendered":"<p><span style=\"color: #993300;\"><em><strong><a href=\"https:\/\/elcronistadigital.com\/wp-content\/uploads\/2017\/01\/gordas.jpg\"><img loading=\"lazy\" decoding=\"async\" class=\"alignleft size-full wp-image-45935\" alt=\"gordas\" src=\"https:\/\/elcronistadigital.com\/wp-content\/uploads\/2017\/01\/gordas.jpg\" width=\"450\" height=\"323\" srcset=\"https:\/\/elcronistadigital.com\/wp-content\/uploads\/2017\/01\/gordas.jpg 450w, https:\/\/elcronistadigital.com\/wp-content\/uploads\/2017\/01\/gordas-300x215.jpg 300w, https:\/\/elcronistadigital.com\/wp-content\/uploads\/2017\/01\/gordas-342x245.jpg 342w, https:\/\/elcronistadigital.com\/wp-content\/uploads\/2017\/01\/gordas-90x65.jpg 90w\" sizes=\"auto, (max-width: 450px) 100vw, 450px\" \/><\/a>* Casi la mitad de los nicas son obesos, es decir, unos tres millones de personas, pese a lo cual somos de los pa\u00edses con menor porcentaje de ciudadanos con sobrepeso en Latinoam\u00e9rica.<\/strong><\/em><\/span><\/p>\n<p>La obesidad y el sobrepeso han aumentado a lo largo de Am\u00e9rica Latina y el Caribe, con un impacto mayor en las mujeres y una tendencia al alza en ni\u00f1os y ni\u00f1as, se\u00f1alaron la Organizaci\u00f3n de las Naciones Unidas para la Alimentaci\u00f3n y la Agricultura (FAO) y la Organizaci\u00f3n Panamericana de la Salud (OPS).<\/p>\n<p>Seg\u00fan su nuevo informe conjunto, el Panorama de la Seguridad Alimentaria y Nutricional en Am\u00e9rica Latina y el Caribe, cerca del 58 % de los habitantes de la regi\u00f3n vive con sobrepeso (360 millones de personas).<\/p>\n<p>Salvo en Hait\u00ed (38,5%), en pa\u00edses como Paraguay (48,5%) y Nicaragua (49,4%), el sobrepeso afecta a m\u00e1s de la mitad de la poblaci\u00f3n de todos los pa\u00edses de la regi\u00f3n, siendo Chile (63%), M\u00e9xico (64 %) y Bahamas (69%) los que tienen las tasas m\u00e1s elevadas.<\/p>\n<p>La obesidad afecta a 140 millones de personas, el 23% de la poblaci\u00f3n regional, y las mayores prevalencias se pueden observar todas en pa\u00edses del Caribe: Bahamas (36,2%) Barbados (31,3%), Trinidad y Tobago (31,1%) y Antigua y Barbuda (30,9%).<\/p>\n<p>El aumento de la obesidad ha impactado de manera desproporcionada a las mujeres: en m\u00e1s de 20 pa\u00edses de Am\u00e9rica Latina y el Caribe, la tasa de obesidad femenina es 10 puntos porcentuales mayor que la de los hombres.<\/p>\n<p>Malnutrici\u00f3n<\/p>\n<p>Seg\u00fan el Representante Regional de la FAO, Eve Crowley, \u201clas tasas alarmantes de sobrepeso deben llamar la atenci\u00f3n de los gobiernos de la regi\u00f3n para introducir pol\u00edticas que aborden todas las formas del hambre y malnutrici\u00f3n, vinculando seguridad alimentaria, sostenibilidad, agricultura, nutrici\u00f3n y salud\u201d.<\/p>\n<p>\u201cLa regi\u00f3n enfrenta una doble carga de la malnutrici\u00f3n que se combate con una alimentaci\u00f3n balanceada, con alimentos frescos, sanos, nutritivos y producidos de manera sostenible, adem\u00e1s de abordando los principales factores sociales que determinan la malnutrici\u00f3n, por ejemplo la falta de acceso a alimentos saludables, a agua y saneamiento, a servicios de educaci\u00f3n y salud, y programas de protecci\u00f3n social\u201d, advierte la Directora de la OPS, Carissa F. Etienne.<\/p>\n<p>Unir agricultura, alimentaci\u00f3n, nutrici\u00f3n y salud<\/p>\n<p>El Panorama se\u00f1ala que uno de los factores que explican el alza de la obesidad y el sobrepeso ha sido el cambio en los patrones alimentarios.<\/p>\n<p>El crecimiento econ\u00f3mico, el aumento de la urbanizaci\u00f3n y los ingresos medios de las personas y la integraci\u00f3n de la regi\u00f3n en los mercados internacionales han reducido el consumo de preparaciones tradicionales y aumentado el consumo de productos ultra procesados, un problema que afecta con mayor fuerza a las zonas y pa\u00edses que son importadores netos de alimentos.<\/p>\n<p>Para hacer frente a esta situaci\u00f3n, se llama a promover sistemas alimentarios saludables y sostenibles que liguen agricultura, alimentaci\u00f3n, nutrici\u00f3n y salud.<\/p>\n<p>Para ello, los estados deben fomentar la producci\u00f3n sostenible de alimentos frescos, seguros y nutritivos, asegurando su oferta, diversidad y el acceso a los mismos, especialmente para los sectores m\u00e1s vulnerables.<\/p>\n<p>Esto debe complementarse con educaci\u00f3n nutricional y advertencias para los consumidores sobre la composici\u00f3n nutricional de alimentos altos en az\u00facar, grasas y sal.<\/p>\n","protected":false},"excerpt":{"rendered":"<p>* Casi la mitad de los nicas son obesos, es decir, unos tres millones de personas, pese a lo cual somos de los pa\u00edses con menor porcentaje de ciudadanos con sobrepeso en Latinoam\u00e9rica. La obesidad y el sobrepeso han aumentado a lo largo de Am\u00e9rica Latina y el Caribe, con un impacto mayor en las [&hellip;]<\/p>\n","protected":false},"author":1,"featured_media":45935,"comment_status":"open","ping_status":"open","sticky":false,"template":"","format":"standard","meta":{"om_disable_all_campaigns":false,"_monsterinsights_skip_tracking":false,"_monsterinsights_sitenote_active":false,"_monsterinsights_sitenote_note":"","_monsterinsights_sitenote_category":0,"footnotes":""},"categories":[7,3524],"tags":[],"class_list":["post-45934","post","type-post","status-publish","format-standard","has-post-thumbnail","hentry","category-salud-y-belleza","category-noticas"],"aioseo_notices":[],"_links":{"self":[{"href":"https:\/\/elcronistadigital.com\/index.php?rest_route=\/wp\/v2\/posts\/45934","targetHints":{"allow":["GET"]}}],"collection":[{"href":"https:\/\/elcronistadigital.com\/index.php?rest_route=\/wp\/v2\/posts"}],"about":[{"href":"https:\/\/elcronistadigital.com\/index.php?rest_route=\/wp\/v2\/types\/post"}],"author":[{"embeddable":true,"href":"https:\/\/elcronistadigital.com\/index.php?rest_route=\/wp\/v2\/users\/1"}],"replies":[{"embeddable":true,"href":"https:\/\/elcronistadigital.com\/index.php?rest_route=%2Fwp%2Fv2%2Fcomments&post=45934"}],"version-history":[{"count":1,"href":"https:\/\/elcronistadigital.com\/index.php?rest_route=\/wp\/v2\/posts\/45934\/revisions"}],"predecessor-version":[{"id":45936,"href":"https:\/\/elcronistadigital.com\/index.php?rest_route=\/wp\/v2\/posts\/45934\/revisions\/45936"}],"wp:featuredmedia":[{"embeddable":true,"href":"https:\/\/elcronistadigital.com\/index.php?rest_route=\/wp\/v2\/media\/45935"}],"wp:attachment":[{"href":"https:\/\/elcronistadigital.com\/index.php?rest_route=%2Fwp%2Fv2%2Fmedia&parent=45934"}],"wp:term":[{"taxonomy":"category","embeddable":true,"href":"https:\/\/elcronistadigital.com\/index.php?rest_route=%2Fwp%2Fv2%2Fcategories&post=45934"},{"taxonomy":"post_tag","embeddable":true,"href":"https:\/\/elcronistadigital.com\/index.php?rest_route=%2Fwp%2Fv2%2Ftags&post=45934"}],"curies":[{"name":"wp","href":"https:\/\/api.w.org\/{rel}","templated":true}]}}