{"id":45968,"date":"2017-02-07T07:58:30","date_gmt":"2017-02-07T13:58:30","guid":{"rendered":"http:\/\/elcronistadigital.com\/?p=45968"},"modified":"2017-02-07T07:58:30","modified_gmt":"2017-02-07T13:58:30","slug":"amcham-a-reunion-continental-en-miami","status":"publish","type":"post","link":"https:\/\/elcronistadigital.com\/?p=45968","title":{"rendered":"AmCham a reuni\u00f3n continental en Miami"},"content":{"rendered":"<div id=\"attachment_45969\" style=\"width: 267px\" class=\"wp-caption alignleft\"><a href=\"https:\/\/elcronistadigital.com\/wp-content\/uploads\/2017\/02\/John-M.-Andersen-subsecretario-Adjunto-de-Comercio-de-los-Estados-Unidos.jpg\"><img loading=\"lazy\" decoding=\"async\" aria-describedby=\"caption-attachment-45969\" class=\"size-full wp-image-45969\" alt=\"John M. Andersen, subsecretario Adjunto de Comercio de los Estados Unidos.\" src=\"https:\/\/elcronistadigital.com\/wp-content\/uploads\/2017\/02\/John-M.-Andersen-subsecretario-Adjunto-de-Comercio-de-los-Estados-Unidos.jpg\" width=\"257\" height=\"358\" srcset=\"https:\/\/elcronistadigital.com\/wp-content\/uploads\/2017\/02\/John-M.-Andersen-subsecretario-Adjunto-de-Comercio-de-los-Estados-Unidos.jpg 257w, https:\/\/elcronistadigital.com\/wp-content\/uploads\/2017\/02\/John-M.-Andersen-subsecretario-Adjunto-de-Comercio-de-los-Estados-Unidos-215x300.jpg 215w\" sizes=\"auto, (max-width: 257px) 100vw, 257px\" \/><\/a><p id=\"caption-attachment-45969\" class=\"wp-caption-text\">John M. Andersen, subsecretario Adjunto de Comercio de los Estados Unidos.<\/p><\/div>\n<p>\u00c1lvaro Rodr\u00edguez Zapata, presidente de la C\u00e1mara de Comercio Americana de Nicaragua (AmCham), viaj\u00f3 hacia Miami, Florida a la reuni\u00f3n de programaci\u00f3n anual de la Asociaci\u00f3n de C\u00e1maras de Comercio de Am\u00e9rica Latina y el Caribe (Aaccla).<\/p>\n<p>En dicho evento participar\u00e1n el gobernador de la Florida Rick Scott; el almirante Kurt W. Tidd, Jefe del Comando Sur del Ej\u00e9rcito de los Estados Unidos; la vicepresidenta de la C\u00e1mara de Comercio de los Estados Unidos, Jodi Bond; el subsecretario Adjunto de Comercio de los Estados Unidos, John M. Andersen, al igual que ministros de econom\u00eda de Argentina, Per\u00fa, Guatemala, Honduras, Rep\u00fablica Dominicana y Nicaragua, quien ser\u00e1 representada por el titular de Fomento, Industria y Comercio (Mific).<\/p>\n<p>\u201cAdem\u00e1s de las reuniones bilaterales que sostendremos en el marco de la reuni\u00f3n de Aaccla, y de elaborar el programa de actividades del presente a\u00f1o, haremos una presentaci\u00f3n sobre los avances de la Conferencia Business Future of the America que celebraremos del 4 al 7 de junio en Managua.<\/p>\n<p>\u201cYa tenemos la confirmaci\u00f3n del 80 % de los conferencistas de primer nivel que nos acompa\u00f1ar\u00e1 y estamos muy optimistas del evento que convertir\u00e1 a nuestro pa\u00eds como la capital de la inversi\u00f3n del continente americano en el 2017.<\/p>\n<p>\u201cEste es el m\u00e1s importante evento hemisf\u00e9rico y haremos todo lo posible para aprovechar y potenciar todo el potencial de Nicaragua\u201d, dijo el ingeniero Rodr\u00edguez. Forman parte la delegaci\u00f3n de AmCham Nicaragua, el vicepresidente Dionisio Cuadra Chamorro, el Vicepresidente de Aaccla, Yal\u00ed Molina Palacios y el Director Ejecutivo, Avil Ram\u00edrez.<\/p>\n<p>Sub Secretario adjunto de Comercio de EEUU<\/p>\n","protected":false},"excerpt":{"rendered":"<p>\u00c1lvaro Rodr\u00edguez Zapata, presidente de la C\u00e1mara de Comercio Americana de Nicaragua (AmCham), viaj\u00f3 hacia Miami, Florida a la reuni\u00f3n de programaci\u00f3n anual de la Asociaci\u00f3n de C\u00e1maras de Comercio de Am\u00e9rica Latina y el Caribe (Aaccla). En dicho evento participar\u00e1n el gobernador de la Florida Rick Scott; el almirante Kurt W. Tidd, Jefe del [&hellip;]<\/p>\n","protected":false},"author":1,"featured_media":45969,"comment_status":"open","ping_status":"open","sticky":false,"template":"","format":"standard","meta":{"om_disable_all_campaigns":false,"_monsterinsights_skip_tracking":false,"_monsterinsights_sitenote_active":false,"_monsterinsights_sitenote_note":"","_monsterinsights_sitenote_category":0,"footnotes":""},"categories":[4,3524],"tags":[],"class_list":["post-45968","post","type-post","status-publish","format-standard","has-post-thumbnail","hentry","category-economia","category-noticas"],"aioseo_notices":[],"_links":{"self":[{"href":"https:\/\/elcronistadigital.com\/index.php?rest_route=\/wp\/v2\/posts\/45968","targetHints":{"allow":["GET"]}}],"collection":[{"href":"https:\/\/elcronistadigital.com\/index.php?rest_route=\/wp\/v2\/posts"}],"about":[{"href":"https:\/\/elcronistadigital.com\/index.php?rest_route=\/wp\/v2\/types\/post"}],"author":[{"embeddable":true,"href":"https:\/\/elcronistadigital.com\/index.php?rest_route=\/wp\/v2\/users\/1"}],"replies":[{"embeddable":true,"href":"https:\/\/elcronistadigital.com\/index.php?rest_route=%2Fwp%2Fv2%2Fcomments&post=45968"}],"version-history":[{"count":1,"href":"https:\/\/elcronistadigital.com\/index.php?rest_route=\/wp\/v2\/posts\/45968\/revisions"}],"predecessor-version":[{"id":45970,"href":"https:\/\/elcronistadigital.com\/index.php?rest_route=\/wp\/v2\/posts\/45968\/revisions\/45970"}],"wp:featuredmedia":[{"embeddable":true,"href":"https:\/\/elcronistadigital.com\/index.php?rest_route=\/wp\/v2\/media\/45969"}],"wp:attachment":[{"href":"https:\/\/elcronistadigital.com\/index.php?rest_route=%2Fwp%2Fv2%2Fmedia&parent=45968"}],"wp:term":[{"taxonomy":"category","embeddable":true,"href":"https:\/\/elcronistadigital.com\/index.php?rest_route=%2Fwp%2Fv2%2Fcategories&post=45968"},{"taxonomy":"post_tag","embeddable":true,"href":"https:\/\/elcronistadigital.com\/index.php?rest_route=%2Fwp%2Fv2%2Ftags&post=45968"}],"curies":[{"name":"wp","href":"https:\/\/api.w.org\/{rel}","templated":true}]}}