{"id":46028,"date":"2017-02-15T07:33:01","date_gmt":"2017-02-15T13:33:01","guid":{"rendered":"http:\/\/elcronistadigital.com\/?p=46028"},"modified":"2017-02-15T07:33:01","modified_gmt":"2017-02-15T13:33:01","slug":"textilera-colombiana-operara-en-nicaragua","status":"publish","type":"post","link":"https:\/\/elcronistadigital.com\/?p=46028","title":{"rendered":"Textilera colombiana operar\u00e1 en Nicaragua"},"content":{"rendered":"<p><a href=\"https:\/\/elcronistadigital.com\/wp-content\/uploads\/2017\/02\/supertex.jpg\"><img loading=\"lazy\" decoding=\"async\" class=\"alignleft size-full wp-image-46029\" alt=\"supertex\" src=\"https:\/\/elcronistadigital.com\/wp-content\/uploads\/2017\/02\/supertex.jpg\" width=\"450\" height=\"272\" srcset=\"https:\/\/elcronistadigital.com\/wp-content\/uploads\/2017\/02\/supertex.jpg 450w, https:\/\/elcronistadigital.com\/wp-content\/uploads\/2017\/02\/supertex-300x181.jpg 300w, https:\/\/elcronistadigital.com\/wp-content\/uploads\/2017\/02\/supertex-342x206.jpg 342w\" sizes=\"auto, (max-width: 450px) 100vw, 450px\" \/><\/a>La compa\u00f1\u00eda textilera Supertex, de origen colombiano, se establecer\u00e1 en Nicaragua con una inversi\u00f3n de al menos 8 millones de d\u00f3lares e iniciar\u00e1 operaciones en julio pr\u00f3ximo, inform\u00f3 el martes la Agencia de Promoci\u00f3n de Inversiones de Nicaragua (ProNicaragua).<\/p>\n<p>\u00abActualmente la empresa se encuentra en la etapa de constituci\u00f3n de la sociedad y negociaci\u00f3n del espacio industrial a ocupar\u00bb, explic\u00f3 la Agencia en un comunicado, -citado por Efe-, en el que destaca que se trata de la tercera f\u00e1brica de Supertex en Centroam\u00e9rica y primera en la regi\u00f3n fuera de El Salvador.<\/p>\n<p>\u00abCon esta nueva planta esperan aumentar su capacidad productiva para traer nuevos clientes a la regi\u00f3n, entre los cuales destacan Patagonia, Adidas, Nike y Under Armour\u00bb, destac\u00f3 ProNicaragua.<\/p>\n<p>La firma suramericana calcula generar unos 1.500 empleos en sus primeros tres a\u00f1os en Nicaragua, y crece 10 % cada a\u00f1o, seg\u00fan la agencia de inversiones local.<\/p>\n<p>Actualmente Supertex emplea a unas 5.000 personas en cuatro plantas, de las cuales dos se encuentran en El Salvador y dos en Colombia, seg\u00fan la informaci\u00f3n de ProNicaragua.<\/p>\n","protected":false},"excerpt":{"rendered":"<p>La compa\u00f1\u00eda textilera Supertex, de origen colombiano, se establecer\u00e1 en Nicaragua con una inversi\u00f3n de al menos 8 millones de d\u00f3lares e iniciar\u00e1 operaciones en julio pr\u00f3ximo, inform\u00f3 el martes la Agencia de Promoci\u00f3n de Inversiones de Nicaragua (ProNicaragua). \u00abActualmente la empresa se encuentra en la etapa de constituci\u00f3n de la sociedad y negociaci\u00f3n del [&hellip;]<\/p>\n","protected":false},"author":1,"featured_media":46029,"comment_status":"open","ping_status":"open","sticky":false,"template":"","format":"standard","meta":{"om_disable_all_campaigns":false,"_monsterinsights_skip_tracking":false,"_monsterinsights_sitenote_active":false,"_monsterinsights_sitenote_note":"","_monsterinsights_sitenote_category":0,"footnotes":""},"categories":[4,3524],"tags":[],"class_list":["post-46028","post","type-post","status-publish","format-standard","has-post-thumbnail","hentry","category-economia","category-noticas"],"aioseo_notices":[],"_links":{"self":[{"href":"https:\/\/elcronistadigital.com\/index.php?rest_route=\/wp\/v2\/posts\/46028","targetHints":{"allow":["GET"]}}],"collection":[{"href":"https:\/\/elcronistadigital.com\/index.php?rest_route=\/wp\/v2\/posts"}],"about":[{"href":"https:\/\/elcronistadigital.com\/index.php?rest_route=\/wp\/v2\/types\/post"}],"author":[{"embeddable":true,"href":"https:\/\/elcronistadigital.com\/index.php?rest_route=\/wp\/v2\/users\/1"}],"replies":[{"embeddable":true,"href":"https:\/\/elcronistadigital.com\/index.php?rest_route=%2Fwp%2Fv2%2Fcomments&post=46028"}],"version-history":[{"count":1,"href":"https:\/\/elcronistadigital.com\/index.php?rest_route=\/wp\/v2\/posts\/46028\/revisions"}],"predecessor-version":[{"id":46030,"href":"https:\/\/elcronistadigital.com\/index.php?rest_route=\/wp\/v2\/posts\/46028\/revisions\/46030"}],"wp:featuredmedia":[{"embeddable":true,"href":"https:\/\/elcronistadigital.com\/index.php?rest_route=\/wp\/v2\/media\/46029"}],"wp:attachment":[{"href":"https:\/\/elcronistadigital.com\/index.php?rest_route=%2Fwp%2Fv2%2Fmedia&parent=46028"}],"wp:term":[{"taxonomy":"category","embeddable":true,"href":"https:\/\/elcronistadigital.com\/index.php?rest_route=%2Fwp%2Fv2%2Fcategories&post=46028"},{"taxonomy":"post_tag","embeddable":true,"href":"https:\/\/elcronistadigital.com\/index.php?rest_route=%2Fwp%2Fv2%2Ftags&post=46028"}],"curies":[{"name":"wp","href":"https:\/\/api.w.org\/{rel}","templated":true}]}}