{"id":46079,"date":"2017-02-23T08:16:24","date_gmt":"2017-02-23T14:16:24","guid":{"rendered":"http:\/\/elcronistadigital.com\/?p=46079"},"modified":"2017-02-23T08:16:24","modified_gmt":"2017-02-23T14:16:24","slug":"sector-privado-aplaude-suspension-de-impuesto-patriotico","status":"publish","type":"post","link":"https:\/\/elcronistadigital.com\/?p=46079","title":{"rendered":"Sector privado aplaude suspensi\u00f3n de \u201cimpuesto patri\u00f3tico\u201d"},"content":{"rendered":"<p><a href=\"https:\/\/elcronistadigital.com\/wp-content\/uploads\/2017\/02\/colom.jpg\"><img loading=\"lazy\" decoding=\"async\" class=\"alignleft size-full wp-image-46080\" alt=\"colom\" src=\"https:\/\/elcronistadigital.com\/wp-content\/uploads\/2017\/02\/colom.jpg\" width=\"397\" height=\"209\" srcset=\"https:\/\/elcronistadigital.com\/wp-content\/uploads\/2017\/02\/colom.jpg 397w, https:\/\/elcronistadigital.com\/wp-content\/uploads\/2017\/02\/colom-300x157.jpg 300w, https:\/\/elcronistadigital.com\/wp-content\/uploads\/2017\/02\/colom-342x180.jpg 342w\" sizes=\"auto, (max-width: 397px) 100vw, 397px\" \/><\/a>El sector privado de Nicaragua aplaudi\u00f3 el mi\u00e9rcoles la iniciativa del presidente Daniel Ortega, de derogar la Ley del \u00abimpuesto patri\u00f3tico\u00bb que desde 1999 grava con un 35% a los productos importados de Colombia.<\/p>\n<p>\u00abExcelente, bien por Nicaragua, era un impuesto que ya no ten\u00eda ning\u00fan sentido de ser, m\u00e1s bien est\u00e1bamos entorpeci\u00e9ndonos nosotros mismos en no aprovechar el mercado colombiano\u00bb, dijo el presidente de la C\u00e1mara de Comercio y Servicios de Nicaragua (CCSN), Rosendo Mayorga.<\/p>\n<p>Nicaragua aplica el \u00abimpuesto patri\u00f3tico\u00bb a Colombia desde diciembre de 1999, cuando fue confirmado el Tratado Ram\u00edrez-L\u00f3pez entre el pa\u00eds suramericano y Honduras, en el que ambas naciones se apropiaron de la mayor parte del territorio nicarag\u00fcense en el mar Caribe, seg\u00fan el gobierno nicarag\u00fcense.<\/p>\n<p>El impuesto ya hab\u00eda sido eliminado para Honduras en el a\u00f1o 2003, y el presidente Ortega propuso el martes al parlamento derogarlo para Colombia. El contexto cambi\u00f3 en 2012, cuando un fallo de la Corte Internacional de Justicia (CIJ) restituy\u00f3 a Nicaragua un \u00e1rea en el mar Caribe que el pa\u00eds centroamericano calcula en m\u00e1s de 90.000 kil\u00f3metros cuadrados y Colombia en unos 75.000 kil\u00f3metros cuadrados, dejando para el pa\u00eds andino el archipi\u00e9lago de San Andr\u00e9s.<\/p>\n<p>\u00abVamos a tener acceso a productos de buena calidad y de buen precio\u00bb, afirm\u00f3 al respecto el presidente del Consejo Superior de la Empresa Privada (Cosep), Jos\u00e9 Ad\u00e1n Aguerri. El territorio recuperado por Nicaragua en La Haya estuvo bajo el dominio colombiana por 84 a\u00f1os, entre 1928 y 2012.<\/p>\n","protected":false},"excerpt":{"rendered":"<p>El sector privado de Nicaragua aplaudi\u00f3 el mi\u00e9rcoles la iniciativa del presidente Daniel Ortega, de derogar la Ley del \u00abimpuesto patri\u00f3tico\u00bb que desde 1999 grava con un 35% a los productos importados de Colombia. \u00abExcelente, bien por Nicaragua, era un impuesto que ya no ten\u00eda ning\u00fan sentido de ser, m\u00e1s bien est\u00e1bamos entorpeci\u00e9ndonos nosotros mismos [&hellip;]<\/p>\n","protected":false},"author":1,"featured_media":46080,"comment_status":"open","ping_status":"open","sticky":false,"template":"","format":"standard","meta":{"om_disable_all_campaigns":false,"_monsterinsights_skip_tracking":false,"_monsterinsights_sitenote_active":false,"_monsterinsights_sitenote_note":"","_monsterinsights_sitenote_category":0,"footnotes":""},"categories":[4,3524],"tags":[],"class_list":["post-46079","post","type-post","status-publish","format-standard","has-post-thumbnail","hentry","category-economia","category-noticas"],"aioseo_notices":[],"_links":{"self":[{"href":"https:\/\/elcronistadigital.com\/index.php?rest_route=\/wp\/v2\/posts\/46079","targetHints":{"allow":["GET"]}}],"collection":[{"href":"https:\/\/elcronistadigital.com\/index.php?rest_route=\/wp\/v2\/posts"}],"about":[{"href":"https:\/\/elcronistadigital.com\/index.php?rest_route=\/wp\/v2\/types\/post"}],"author":[{"embeddable":true,"href":"https:\/\/elcronistadigital.com\/index.php?rest_route=\/wp\/v2\/users\/1"}],"replies":[{"embeddable":true,"href":"https:\/\/elcronistadigital.com\/index.php?rest_route=%2Fwp%2Fv2%2Fcomments&post=46079"}],"version-history":[{"count":1,"href":"https:\/\/elcronistadigital.com\/index.php?rest_route=\/wp\/v2\/posts\/46079\/revisions"}],"predecessor-version":[{"id":46081,"href":"https:\/\/elcronistadigital.com\/index.php?rest_route=\/wp\/v2\/posts\/46079\/revisions\/46081"}],"wp:featuredmedia":[{"embeddable":true,"href":"https:\/\/elcronistadigital.com\/index.php?rest_route=\/wp\/v2\/media\/46080"}],"wp:attachment":[{"href":"https:\/\/elcronistadigital.com\/index.php?rest_route=%2Fwp%2Fv2%2Fmedia&parent=46079"}],"wp:term":[{"taxonomy":"category","embeddable":true,"href":"https:\/\/elcronistadigital.com\/index.php?rest_route=%2Fwp%2Fv2%2Fcategories&post=46079"},{"taxonomy":"post_tag","embeddable":true,"href":"https:\/\/elcronistadigital.com\/index.php?rest_route=%2Fwp%2Fv2%2Ftags&post=46079"}],"curies":[{"name":"wp","href":"https:\/\/api.w.org\/{rel}","templated":true}]}}