{"id":46091,"date":"2017-02-24T07:29:10","date_gmt":"2017-02-24T13:29:10","guid":{"rendered":"http:\/\/elcronistadigital.com\/?p=46091"},"modified":"2017-02-24T07:29:10","modified_gmt":"2017-02-24T13:29:10","slug":"92-de-poblacion-urbana-del-mundo-respira-aire-toxico","status":"publish","type":"post","link":"https:\/\/elcronistadigital.com\/?p=46091","title":{"rendered":"92% de poblaci\u00f3n urbana del mundo respira aire t\u00f3xico"},"content":{"rendered":"<p><a href=\"https:\/\/elcronistadigital.com\/wp-content\/uploads\/2017\/02\/chile2.jpg\"><img loading=\"lazy\" decoding=\"async\" class=\"alignleft size-full wp-image-46092\" alt=\"chile2\" src=\"https:\/\/elcronistadigital.com\/wp-content\/uploads\/2017\/02\/chile2.jpg\" width=\"450\" height=\"252\" srcset=\"https:\/\/elcronistadigital.com\/wp-content\/uploads\/2017\/02\/chile2.jpg 450w, https:\/\/elcronistadigital.com\/wp-content\/uploads\/2017\/02\/chile2-300x168.jpg 300w, https:\/\/elcronistadigital.com\/wp-content\/uploads\/2017\/02\/chile2-342x191.jpg 342w\" sizes=\"auto, (max-width: 450px) 100vw, 450px\" \/><\/a>Pek\u00edn, Londres, Ciudad de M\u00e9xico, Nueva Delhi y Par\u00eds est\u00e1n entre las ciudades que han llamado la atenci\u00f3n por sus peligrosamente altos niveles de contaminaci\u00f3n atmosf\u00e9rica en 2016, pero son las \u00fanicas. La Organizaci\u00f3n Mundial de la Salud ha confirmado que el 92% la poblaci\u00f3n urbana del mundo vive en ciudades donde el aire es t\u00f3xico.<\/p>\n<p>No se salva nadie<\/p>\n<p>Un estudio realizado en la India encontr\u00f3 que 41 de sus ciudades que tienen una poblaci\u00f3n de m\u00e1s de un mill\u00f3n de personas se enfrenta a una mala calidad del aire en casi el 60 por ciento del total de d\u00edas vigilados. Tres ciudades: Gwalior, Varanasi y Allahabad, no tuvieron ni un solo d\u00eda del a\u00f1o pasado un aire medianamente respirable.<\/p>\n<p>En Europa, se encontr\u00f3 que alrededor del 85 por ciento de la poblaci\u00f3n urbana est\u00e1 expuesta a part\u00edculas nocivas finas, las denominadas PM2.5 y que ello ha ocasionado alrededor de 467.000 muertes prematuras en 41 pa\u00edses europeos.<\/p>\n<p>En el continente africano, el aire sucio fue identificado como la causa de 712.000 muertes prematuras, m\u00e1s que las que se producen por consumir agua en malas condiciones (542.000), por malnutrici\u00f3n infantil (275.000) o por falta de saneamiento adecuado (391.000).<\/p>\n<p>En Am\u00e9rica del Norte se da la paradoja de que est\u00e1n algunas de las ciudades m\u00e1s limpias del mundo, como Toronto o Vancouver y tambi\u00e9n existen zonas como Denver o Washington, donde los \u00edndices de contaminaci\u00f3n llegan a cifras inauditas y las pol\u00edticas Trump no parece que vayan a solucionar nada.<\/p>\n<p>Am\u00e9rica del sur tampoco se salva de esta problem\u00e1tica. Santiago de Chile presenta niveles de contaminaci\u00f3n de una alta peligrosidad y es una preocupaci\u00f3n mayor del gobierno nacional y regional controlar las emisiones de gases.<\/p>\n<p>Sin embargo, no todas son malas noticias: 74 de las principales ciudades chinas han experimentado desde 2014, una disminuci\u00f3n bastante notable de las concentraciones promedio anuales de part\u00edculas t\u00f3xicas, di\u00f3xido de azufre y di\u00f3xido de nitr\u00f3geno, aunque la \u00abguerra contra la contaminaci\u00f3n del aire\u00bb del gobierno chino ha recibido cr\u00edticas de todas partes.<\/p>\n<p>Riesgos de salud<\/p>\n<p>Los efectos de la contaminaci\u00f3n atmosf\u00e9rica sobre la salud est\u00e1n bien documentados. Pero ahora, nuevas pruebas sugieren un v\u00ednculo entre la contaminaci\u00f3n del aire y la demencia y\/o la enfermedad de Alzheimer, ante la sola la exposici\u00f3n a la mala calidad del aire equivalente a fumar pasivamente seis cigarrillos al d\u00eda. Pero no solo es perjudicial la poluci\u00f3n ambiental de forma directa, sino que se ha comprobado que cuanto m\u00e1s altos sean los \u00edndices de smog, tambi\u00e9n aument\u00f3 la cantidad de accidentes de tr\u00e1nsito porque los contaminantes que distraen a los conductores, caus\u00e1ndoles ojos acuosos y picaz\u00f3n en la nariz.<\/p>\n<p>La contaminaci\u00f3n atmosf\u00e9rica es responsable de la muerte de 600.000 ni\u00f1os menores de cinco a\u00f1os cada a\u00f1o. Las minor\u00edas \u00e9tnicas son m\u00e1s propensas a estar expuestas a altos niveles de contaminaci\u00f3n que otros grupos. La contaminaci\u00f3n atmosf\u00e9rica tambi\u00e9n afecta al clima regional, lo cual incide en la disponibilidad del agua y en la conservaci\u00f3n y productividad de los ecosistemas. Un ejemplo de esta situaci\u00f3n es el derretimiento de los glaciares en las mesetas del Himalaya y del T\u00edbet.<\/p>\n<p>El carbono negro es una materia en forma de part\u00edculas creada a trav\u00e9s de la quema de combustibles f\u00f3siles (como el di\u00e9sel) y la biomasa que cuando se deposita sobre la nieve y el hielo oscurece las superficies, lo que resulta en una mayor absorci\u00f3n de la luz solar y una fusi\u00f3n m\u00e1s r\u00e1pida. Las investigaciones del Banco Mundial estimaron que el costo econ\u00f3mico global de las muertes relacionadas con la contaminaci\u00f3n atmosf\u00e9rica ser\u00eda de 210.000 millones de euros en p\u00e9rdida de ingresos laborales (en 2013) y m\u00e1s de 5 billones en p\u00e9rdidas de bienestar.<\/p>\n<p>La OCDE predijo que los costos sanitarios globales relacionados con la contaminaci\u00f3n atmosf\u00e9rica aumentar\u00e1n de 21.000 millones de euros en 2015 a 176.000 millones en 2060, a\u00f1o para el cual se prev\u00e9 que el n\u00famero de d\u00edas laborales perdidos que afectan la productividad laboral ocasione p\u00e9rdidas por 3.700 millones (casi tres veces la cifra actual).<\/p>\n<p>Aire creativo<\/p>\n<p>En 2016, en Londres, cientos de palomas se equiparon con sensores de contaminaci\u00f3n y transmit\u00edan los datos directamente a una cuenta de Twitter, para crear conciencia sobre la poluci\u00f3n del aire de la capital del Reino Unido. Otras innovaciones incluyeron el desarrollo de un inhalador barato de venta libre que protege los pulmones contra la contaminaci\u00f3n del aire y la instalaci\u00f3n de una torre de siete metros de altura en Beijing, que aspira los contaminantes del aire.<\/p>\n<p>La sensibilizaci\u00f3n sobre las causas y efectos de la contaminaci\u00f3n atmosf\u00e9rica es un tema fundamental, ya que cada uno de los habitantes del planeta, no s\u00f3lo somos v\u00edctimas, sino tambi\u00e9n contribuyentes al problema. En muchas ciudades de todo el mundo se est\u00e1n llevando a cabo diferentes proyectos, que pretenden concienciar a los habitantes de la cantidad de responsabilidad que les compete en cuanto a contaminar y cu\u00e1les son los riesgos reales de dicha poluci\u00f3n.<\/p>\n<p>(Ecoportal)<\/p>\n","protected":false},"excerpt":{"rendered":"<p>Pek\u00edn, Londres, Ciudad de M\u00e9xico, Nueva Delhi y Par\u00eds est\u00e1n entre las ciudades que han llamado la atenci\u00f3n por sus peligrosamente altos niveles de contaminaci\u00f3n atmosf\u00e9rica en 2016, pero son las \u00fanicas. La Organizaci\u00f3n Mundial de la Salud ha confirmado que el 92% la poblaci\u00f3n urbana del mundo vive en ciudades donde el aire es [&hellip;]<\/p>\n","protected":false},"author":1,"featured_media":46092,"comment_status":"open","ping_status":"open","sticky":false,"template":"","format":"standard","meta":{"om_disable_all_campaigns":false,"_monsterinsights_skip_tracking":false,"_monsterinsights_sitenote_active":false,"_monsterinsights_sitenote_note":"","_monsterinsights_sitenote_category":0,"footnotes":""},"categories":[7,3524],"tags":[],"class_list":["post-46091","post","type-post","status-publish","format-standard","has-post-thumbnail","hentry","category-salud-y-belleza","category-noticas"],"aioseo_notices":[],"_links":{"self":[{"href":"https:\/\/elcronistadigital.com\/index.php?rest_route=\/wp\/v2\/posts\/46091","targetHints":{"allow":["GET"]}}],"collection":[{"href":"https:\/\/elcronistadigital.com\/index.php?rest_route=\/wp\/v2\/posts"}],"about":[{"href":"https:\/\/elcronistadigital.com\/index.php?rest_route=\/wp\/v2\/types\/post"}],"author":[{"embeddable":true,"href":"https:\/\/elcronistadigital.com\/index.php?rest_route=\/wp\/v2\/users\/1"}],"replies":[{"embeddable":true,"href":"https:\/\/elcronistadigital.com\/index.php?rest_route=%2Fwp%2Fv2%2Fcomments&post=46091"}],"version-history":[{"count":1,"href":"https:\/\/elcronistadigital.com\/index.php?rest_route=\/wp\/v2\/posts\/46091\/revisions"}],"predecessor-version":[{"id":46093,"href":"https:\/\/elcronistadigital.com\/index.php?rest_route=\/wp\/v2\/posts\/46091\/revisions\/46093"}],"wp:featuredmedia":[{"embeddable":true,"href":"https:\/\/elcronistadigital.com\/index.php?rest_route=\/wp\/v2\/media\/46092"}],"wp:attachment":[{"href":"https:\/\/elcronistadigital.com\/index.php?rest_route=%2Fwp%2Fv2%2Fmedia&parent=46091"}],"wp:term":[{"taxonomy":"category","embeddable":true,"href":"https:\/\/elcronistadigital.com\/index.php?rest_route=%2Fwp%2Fv2%2Fcategories&post=46091"},{"taxonomy":"post_tag","embeddable":true,"href":"https:\/\/elcronistadigital.com\/index.php?rest_route=%2Fwp%2Fv2%2Ftags&post=46091"}],"curies":[{"name":"wp","href":"https:\/\/api.w.org\/{rel}","templated":true}]}}