{"id":46102,"date":"2017-03-01T08:15:40","date_gmt":"2017-03-01T14:15:40","guid":{"rendered":"http:\/\/elcronistadigital.com\/?p=46102"},"modified":"2017-03-01T08:15:40","modified_gmt":"2017-03-01T14:15:40","slug":"nicaragua-milagro-de-crecimiento","status":"publish","type":"post","link":"https:\/\/elcronistadigital.com\/?p=46102","title":{"rendered":"Nicaragua: milagro de crecimiento"},"content":{"rendered":"<p><a href=\"https:\/\/elcronistadigital.com\/wp-content\/uploads\/2017\/03\/miracle.jpg\"><img loading=\"lazy\" decoding=\"async\" class=\"alignleft size-full wp-image-46103\" alt=\"miracle\" src=\"https:\/\/elcronistadigital.com\/wp-content\/uploads\/2017\/03\/miracle.jpg\" width=\"450\" height=\"330\" srcset=\"https:\/\/elcronistadigital.com\/wp-content\/uploads\/2017\/03\/miracle.jpg 450w, https:\/\/elcronistadigital.com\/wp-content\/uploads\/2017\/03\/miracle-300x220.jpg 300w, https:\/\/elcronistadigital.com\/wp-content\/uploads\/2017\/03\/miracle-342x250.jpg 342w, https:\/\/elcronistadigital.com\/wp-content\/uploads\/2017\/03\/miracle-60x45.jpg 60w, https:\/\/elcronistadigital.com\/wp-content\/uploads\/2017\/03\/miracle-90x65.jpg 90w\" sizes=\"auto, (max-width: 450px) 100vw, 450px\" \/><\/a>\u00bfC\u00f3mo crecer con tasas superiores al 4 por ciento por m\u00e1s de 5 a\u00f1os consecutivos? \u00bfC\u00f3mo sacar de la pobreza a m\u00e1s de 10% de la poblaci\u00f3n en menos de 10 a\u00f1os? La situaci\u00f3n dista de ser ideal, pero Nicaragua parece encaminada al \u00e9xito. Sobre esto conversamos con el periodista econ\u00f3mico Jos\u00e9 Denis Cruz.<\/p>\n<p>Con tasas de crecimiento econ\u00f3mico que oscilan entre el 6.2 y el 4.5 %, Nicaragua es calificada como el milagro de Am\u00e9rica Latina, a pesar de que se mantiene alta la pobreza.<\/p>\n<p>Aunque la econom\u00eda centroamericana est\u00e1 arrojando mucho mejores resultados que los de Am\u00e9rica del Sur, el caso nicarag\u00fcense llama la atenci\u00f3n por los cambios exponenciales en la infraestructura y las condiciones para el desarrollo productivo futuro.<\/p>\n<p>\u00abEl crecimiento est\u00e1 impulsado, principalmente por las actividades comerciales, por la construcci\u00f3n y por las exportaciones agropecuarias (\u2026) Tambi\u00e9n por la pol\u00edtica de comercio abierto que ha impulsado el gobierno y ha logrado atraer inversi\u00f3n extranjera directa al pa\u00eds\u00bb, as\u00ed explicaba los motivos principales de este crecimiento el periodista nicarag\u00fcense Jos\u00e9 Denis Cruz, especializado en econom\u00eda.<\/p>\n<p>Fuente: Sputnik.<\/p>\n","protected":false},"excerpt":{"rendered":"<p>\u00bfC\u00f3mo crecer con tasas superiores al 4 por ciento por m\u00e1s de 5 a\u00f1os consecutivos? \u00bfC\u00f3mo sacar de la pobreza a m\u00e1s de 10% de la poblaci\u00f3n en menos de 10 a\u00f1os? La situaci\u00f3n dista de ser ideal, pero Nicaragua parece encaminada al \u00e9xito. Sobre esto conversamos con el periodista econ\u00f3mico Jos\u00e9 Denis Cruz. Con [&hellip;]<\/p>\n","protected":false},"author":1,"featured_media":46103,"comment_status":"open","ping_status":"open","sticky":false,"template":"","format":"standard","meta":{"om_disable_all_campaigns":false,"_monsterinsights_skip_tracking":false,"_monsterinsights_sitenote_active":false,"_monsterinsights_sitenote_note":"","_monsterinsights_sitenote_category":0,"footnotes":""},"categories":[4,3524],"tags":[],"class_list":["post-46102","post","type-post","status-publish","format-standard","has-post-thumbnail","hentry","category-economia","category-noticas"],"aioseo_notices":[],"_links":{"self":[{"href":"https:\/\/elcronistadigital.com\/index.php?rest_route=\/wp\/v2\/posts\/46102","targetHints":{"allow":["GET"]}}],"collection":[{"href":"https:\/\/elcronistadigital.com\/index.php?rest_route=\/wp\/v2\/posts"}],"about":[{"href":"https:\/\/elcronistadigital.com\/index.php?rest_route=\/wp\/v2\/types\/post"}],"author":[{"embeddable":true,"href":"https:\/\/elcronistadigital.com\/index.php?rest_route=\/wp\/v2\/users\/1"}],"replies":[{"embeddable":true,"href":"https:\/\/elcronistadigital.com\/index.php?rest_route=%2Fwp%2Fv2%2Fcomments&post=46102"}],"version-history":[{"count":1,"href":"https:\/\/elcronistadigital.com\/index.php?rest_route=\/wp\/v2\/posts\/46102\/revisions"}],"predecessor-version":[{"id":46104,"href":"https:\/\/elcronistadigital.com\/index.php?rest_route=\/wp\/v2\/posts\/46102\/revisions\/46104"}],"wp:featuredmedia":[{"embeddable":true,"href":"https:\/\/elcronistadigital.com\/index.php?rest_route=\/wp\/v2\/media\/46103"}],"wp:attachment":[{"href":"https:\/\/elcronistadigital.com\/index.php?rest_route=%2Fwp%2Fv2%2Fmedia&parent=46102"}],"wp:term":[{"taxonomy":"category","embeddable":true,"href":"https:\/\/elcronistadigital.com\/index.php?rest_route=%2Fwp%2Fv2%2Fcategories&post=46102"},{"taxonomy":"post_tag","embeddable":true,"href":"https:\/\/elcronistadigital.com\/index.php?rest_route=%2Fwp%2Fv2%2Ftags&post=46102"}],"curies":[{"name":"wp","href":"https:\/\/api.w.org\/{rel}","templated":true}]}}