{"id":46114,"date":"2017-03-01T10:42:28","date_gmt":"2017-03-01T16:42:28","guid":{"rendered":"http:\/\/elcronistadigital.com\/?p=46114"},"modified":"2017-03-01T10:42:28","modified_gmt":"2017-03-01T16:42:28","slug":"frijoles-platanos-y-raices-con-valor-agregado","status":"publish","type":"post","link":"https:\/\/elcronistadigital.com\/?p=46114","title":{"rendered":"Frijoles, pl\u00e1tanos y ra\u00edces con valor agregado"},"content":{"rendered":"<p><a href=\"https:\/\/elcronistadigital.com\/wp-content\/uploads\/2017\/03\/platano-rollorito.jpg\"><img loading=\"lazy\" decoding=\"async\" class=\"alignleft size-full wp-image-46115\" alt=\"platano rollorito\" src=\"https:\/\/elcronistadigital.com\/wp-content\/uploads\/2017\/03\/platano-rollorito.jpg\" width=\"450\" height=\"256\" srcset=\"https:\/\/elcronistadigital.com\/wp-content\/uploads\/2017\/03\/platano-rollorito.jpg 450w, https:\/\/elcronistadigital.com\/wp-content\/uploads\/2017\/03\/platano-rollorito-300x170.jpg 300w, https:\/\/elcronistadigital.com\/wp-content\/uploads\/2017\/03\/platano-rollorito-342x194.jpg 342w\" sizes=\"auto, (max-width: 450px) 100vw, 450px\" \/><\/a>El sector agr\u00edcola de Nicaragua est\u00e1 interesado en transformar la producci\u00f3n de frijoles, pl\u00e1tanos, ra\u00edces y tub\u00e9rculos para ofrecer mercanc\u00edas con valor agregado, inform\u00f3 este mi\u00e9rcoles la Uni\u00f3n de Productores Agropecuarios de Nicaragua (Upanic).<\/p>\n<p>\u00abNos hemos reunido con los productores de fr\u00edjoles, pl\u00e1tanos, ra\u00edces y tub\u00e9rculos. Estamos viendo que estos rubros ya ameritan una transformaci\u00f3n, (porque) los exportamos y regresan como productos terminados, pero nosotros podemos crear esta industria aqu\u00ed mismo\u00bb, dijo el presidente de Upanic, Michael Healy, a periodistas.<\/p>\n<p>De acuerdo con Upanic, los productos mencionados, junto con los l\u00e1cteos, gozan de un super\u00e1vit en Nicaragua, por lo que ser\u00eda f\u00e1cil establecer nuevas industrias.<\/p>\n<p>En el caso del pl\u00e1tano, los productores tienen planificado crear la industria en la zona Pac\u00edfico de Nicaragua, con al menos una planta procesadora, cuyo costo va de los 700.000 d\u00f3lares a 1 mill\u00f3n de d\u00f3lares, explic\u00f3 Healy.<\/p>\n<p>Para transformar los l\u00e1cteos se requiere una inversi\u00f3n de entre 3 millones de d\u00f3lares y 5 millones de d\u00f3lares, y la planta estar\u00eda en la zona norte de Nicaragua, agreg\u00f3 el presidente de Upanic.<\/p>\n<p>En 2016 Nicaragua export\u00f3 116,7 millones de d\u00f3lares en queso, 51,3 millones de d\u00f3lares en leche, 64,2 millones de d\u00f3lares en fr\u00edjoles y 9,7 millones de d\u00f3lares en pl\u00e1tanos, seg\u00fan datos del Centro de Tr\u00e1mite de las Exportaciones (Cetrex) y de la Presidencia.<\/p>\n","protected":false},"excerpt":{"rendered":"<p>El sector agr\u00edcola de Nicaragua est\u00e1 interesado en transformar la producci\u00f3n de frijoles, pl\u00e1tanos, ra\u00edces y tub\u00e9rculos para ofrecer mercanc\u00edas con valor agregado, inform\u00f3 este mi\u00e9rcoles la Uni\u00f3n de Productores Agropecuarios de Nicaragua (Upanic). \u00abNos hemos reunido con los productores de fr\u00edjoles, pl\u00e1tanos, ra\u00edces y tub\u00e9rculos. Estamos viendo que estos rubros ya ameritan una transformaci\u00f3n, [&hellip;]<\/p>\n","protected":false},"author":1,"featured_media":46115,"comment_status":"open","ping_status":"open","sticky":false,"template":"","format":"standard","meta":{"om_disable_all_campaigns":false,"_monsterinsights_skip_tracking":false,"_monsterinsights_sitenote_active":false,"_monsterinsights_sitenote_note":"","_monsterinsights_sitenote_category":0,"footnotes":""},"categories":[3,4,3524],"tags":[],"class_list":["post-46114","post","type-post","status-publish","format-standard","has-post-thumbnail","hentry","category-nacionales","category-economia","category-noticas"],"aioseo_notices":[],"_links":{"self":[{"href":"https:\/\/elcronistadigital.com\/index.php?rest_route=\/wp\/v2\/posts\/46114","targetHints":{"allow":["GET"]}}],"collection":[{"href":"https:\/\/elcronistadigital.com\/index.php?rest_route=\/wp\/v2\/posts"}],"about":[{"href":"https:\/\/elcronistadigital.com\/index.php?rest_route=\/wp\/v2\/types\/post"}],"author":[{"embeddable":true,"href":"https:\/\/elcronistadigital.com\/index.php?rest_route=\/wp\/v2\/users\/1"}],"replies":[{"embeddable":true,"href":"https:\/\/elcronistadigital.com\/index.php?rest_route=%2Fwp%2Fv2%2Fcomments&post=46114"}],"version-history":[{"count":1,"href":"https:\/\/elcronistadigital.com\/index.php?rest_route=\/wp\/v2\/posts\/46114\/revisions"}],"predecessor-version":[{"id":46116,"href":"https:\/\/elcronistadigital.com\/index.php?rest_route=\/wp\/v2\/posts\/46114\/revisions\/46116"}],"wp:featuredmedia":[{"embeddable":true,"href":"https:\/\/elcronistadigital.com\/index.php?rest_route=\/wp\/v2\/media\/46115"}],"wp:attachment":[{"href":"https:\/\/elcronistadigital.com\/index.php?rest_route=%2Fwp%2Fv2%2Fmedia&parent=46114"}],"wp:term":[{"taxonomy":"category","embeddable":true,"href":"https:\/\/elcronistadigital.com\/index.php?rest_route=%2Fwp%2Fv2%2Fcategories&post=46114"},{"taxonomy":"post_tag","embeddable":true,"href":"https:\/\/elcronistadigital.com\/index.php?rest_route=%2Fwp%2Fv2%2Ftags&post=46114"}],"curies":[{"name":"wp","href":"https:\/\/api.w.org\/{rel}","templated":true}]}}