{"id":46152,"date":"2017-03-08T10:51:55","date_gmt":"2017-03-08T16:51:55","guid":{"rendered":"http:\/\/elcronistadigital.com\/?p=46152"},"modified":"2017-03-08T10:51:55","modified_gmt":"2017-03-08T16:51:55","slug":"colombia-dejara-de-pagar-3-7-millones-de-dolares-en-aranceles-a-nicaragua","status":"publish","type":"post","link":"https:\/\/elcronistadigital.com\/?p=46152","title":{"rendered":"Colombia dejar\u00e1 de pagar 3.7 millones de d\u00f3lares en aranceles a Nicaragua"},"content":{"rendered":"<p><a href=\"https:\/\/elcronistadigital.com\/wp-content\/uploads\/2017\/03\/exportacionescolombia.jpg\"><img loading=\"lazy\" decoding=\"async\" class=\"alignleft size-full wp-image-46153\" alt=\"exportacionescolombia\" src=\"https:\/\/elcronistadigital.com\/wp-content\/uploads\/2017\/03\/exportacionescolombia.jpg\" width=\"449\" height=\"299\" srcset=\"https:\/\/elcronistadigital.com\/wp-content\/uploads\/2017\/03\/exportacionescolombia.jpg 449w, https:\/\/elcronistadigital.com\/wp-content\/uploads\/2017\/03\/exportacionescolombia-300x199.jpg 300w, https:\/\/elcronistadigital.com\/wp-content\/uploads\/2017\/03\/exportacionescolombia-342x227.jpg 342w\" sizes=\"auto, (max-width: 449px) 100vw, 449px\" \/><\/a>Colombia dejar\u00e1 de pagar cerca de 3.7 millones de d\u00f3lares anuales en aranceles por los productos que exporta a Nicaragua, tras la eliminaci\u00f3n del llamado \u00abImpuesto Patri\u00f3tico\u00bb del 35 % que desde 1999 ese pa\u00eds le hab\u00eda impuesto, seg\u00fan inform\u00f3 este mi\u00e9rcoles el Ministerio de Comercio, Industria y Turismo.<\/p>\n<p>Con esta medida a la industria colombiana se le abren nuevas oportunidades en el mercado nicarag\u00fcense, afirm\u00f3 la jefe de esa cartera en Colombia, Mar\u00eda Claudia Lacouture.<\/p>\n<p>Los principales productos que se benefician con la eliminaci\u00f3n de la medida son el farmac\u00e9utico; cosm\u00e9ticos y preparaciones de belleza; m\u00e1quinas y equipos; papel y sus manufacturas; abonos y agroqu\u00edmicos; herramientas de mano; manufacturas de hierro, acero y metales.<\/p>\n<p>As\u00ed como jabones, confecciones, muebles, moliner\u00eda y panader\u00eda, art\u00edculos para el hogar y confiter\u00eda, entre otros, que ya se venden en ese mercado pero que aumentar\u00e1n su competitividad al no tener que pagar el sobre arancel.<\/p>\n<p>\u00abEn nuestra pol\u00edtica de aprovechamiento de oportunidades en los diferentes mercados, esta es una puerta que se abre para la industria manufacturera\u00bb, afirm\u00f3 Lacouture en un comunicado.<\/p>\n<p>La funcionaria agreg\u00f3 que adem\u00e1s de los productos mencionados, ya hay empresarios nicarag\u00fcenses pidiendo informaci\u00f3n sobre empresas colombianas de caramelos, chicles, bombones, compotas, frutas enlatadas, galletas, cereales y leche condensada, pastas, salsas, gelatinas, cosm\u00e9ticos y caf\u00e9.<\/p>\n<p>Tambi\u00e9n se han identificado oportunidades para pl\u00e1stico en formas primarias, autopartes, materiales de construcci\u00f3n y aparatos el\u00e9ctricos.<\/p>\n<p>Con la decisi\u00f3n tomada por Nicaragua, el arancel promedio que pagar\u00e1n los productos colombianos ser\u00e1 del 5,7 %, correspondiente al que ese pa\u00eds cobra para las importaciones de los pa\u00edses con los que no tiene Acuerdo Comercial.<\/p>\n<p>Para el caso de los productos del sector agropecuario, esa media es de 10,6 % y para el resto de sectores es del 4,9 %, agreg\u00f3 la informaci\u00f3n.<\/p>\n<p>En el 2016, Colombia registr\u00f3 exportaciones totales a Nicaragua por 13,98 millones de d\u00f3lares, de los cuales casi todo, fueron bienes no minero energ\u00e9ticos con 13,93 millones de d\u00f3lares.<\/p>\n<p>Este tipo de exportaciones registraron un incremento del 21 % con relaci\u00f3n a 2015, cuando el pa\u00eds export\u00f3 11,52 millones de d\u00f3lares.<\/p>\n","protected":false},"excerpt":{"rendered":"<p>Colombia dejar\u00e1 de pagar cerca de 3.7 millones de d\u00f3lares anuales en aranceles por los productos que exporta a Nicaragua, tras la eliminaci\u00f3n del llamado \u00abImpuesto Patri\u00f3tico\u00bb del 35 % que desde 1999 ese pa\u00eds le hab\u00eda impuesto, seg\u00fan inform\u00f3 este mi\u00e9rcoles el Ministerio de Comercio, Industria y Turismo. Con esta medida a la industria [&hellip;]<\/p>\n","protected":false},"author":1,"featured_media":46153,"comment_status":"open","ping_status":"open","sticky":false,"template":"","format":"standard","meta":{"om_disable_all_campaigns":false,"_monsterinsights_skip_tracking":false,"_monsterinsights_sitenote_active":false,"_monsterinsights_sitenote_note":"","_monsterinsights_sitenote_category":0,"footnotes":""},"categories":[4,3524,13],"tags":[],"class_list":["post-46152","post","type-post","status-publish","format-standard","has-post-thumbnail","hentry","category-economia","category-noticas","category-portada"],"aioseo_notices":[],"_links":{"self":[{"href":"https:\/\/elcronistadigital.com\/index.php?rest_route=\/wp\/v2\/posts\/46152","targetHints":{"allow":["GET"]}}],"collection":[{"href":"https:\/\/elcronistadigital.com\/index.php?rest_route=\/wp\/v2\/posts"}],"about":[{"href":"https:\/\/elcronistadigital.com\/index.php?rest_route=\/wp\/v2\/types\/post"}],"author":[{"embeddable":true,"href":"https:\/\/elcronistadigital.com\/index.php?rest_route=\/wp\/v2\/users\/1"}],"replies":[{"embeddable":true,"href":"https:\/\/elcronistadigital.com\/index.php?rest_route=%2Fwp%2Fv2%2Fcomments&post=46152"}],"version-history":[{"count":1,"href":"https:\/\/elcronistadigital.com\/index.php?rest_route=\/wp\/v2\/posts\/46152\/revisions"}],"predecessor-version":[{"id":46154,"href":"https:\/\/elcronistadigital.com\/index.php?rest_route=\/wp\/v2\/posts\/46152\/revisions\/46154"}],"wp:featuredmedia":[{"embeddable":true,"href":"https:\/\/elcronistadigital.com\/index.php?rest_route=\/wp\/v2\/media\/46153"}],"wp:attachment":[{"href":"https:\/\/elcronistadigital.com\/index.php?rest_route=%2Fwp%2Fv2%2Fmedia&parent=46152"}],"wp:term":[{"taxonomy":"category","embeddable":true,"href":"https:\/\/elcronistadigital.com\/index.php?rest_route=%2Fwp%2Fv2%2Fcategories&post=46152"},{"taxonomy":"post_tag","embeddable":true,"href":"https:\/\/elcronistadigital.com\/index.php?rest_route=%2Fwp%2Fv2%2Ftags&post=46152"}],"curies":[{"name":"wp","href":"https:\/\/api.w.org\/{rel}","templated":true}]}}