{"id":46193,"date":"2017-03-21T12:46:58","date_gmt":"2017-03-21T18:46:58","guid":{"rendered":"http:\/\/elcronistadigital.com\/?p=46193"},"modified":"2017-03-21T12:46:58","modified_gmt":"2017-03-21T18:46:58","slug":"volaris-empieza-operaciones-en-abril","status":"publish","type":"post","link":"https:\/\/elcronistadigital.com\/?p=46193","title":{"rendered":"Volaris empieza operaciones en abril"},"content":{"rendered":"<p><a href=\"https:\/\/elcronistadigital.com\/wp-content\/uploads\/2017\/03\/volaris1.jpg\"><img loading=\"lazy\" decoding=\"async\" class=\"alignleft size-full wp-image-46195\" alt=\"volaris\" src=\"https:\/\/elcronistadigital.com\/wp-content\/uploads\/2017\/03\/volaris1.jpg\" width=\"450\" height=\"262\" srcset=\"https:\/\/elcronistadigital.com\/wp-content\/uploads\/2017\/03\/volaris1.jpg 450w, https:\/\/elcronistadigital.com\/wp-content\/uploads\/2017\/03\/volaris1-300x174.jpg 300w, https:\/\/elcronistadigital.com\/wp-content\/uploads\/2017\/03\/volaris1-342x199.jpg 342w\" sizes=\"auto, (max-width: 450px) 100vw, 450px\" \/><\/a>La l\u00ednea a\u00e9rea mexicana de bajo costo Volaris, realizar\u00e1 su primer vuelo hacia suelo nacional el 7 de abril pr\u00f3ximo, saliendo desde San Jos\u00e9, Costa Rica a las 2:00 de la tarde. El primer viaje desde el Aeropuerto Internacional Augusto C. Sandino, ser\u00e1 ese mismo d\u00eda a las 3:50 minutos de la tarde.<\/p>\n<p>El presidente de Volaris, Fernando Moreno, agradeci\u00f3 al Gobierno por el apoyo brindado a trav\u00e9s de las instituciones rectoras como Aeron\u00e1utica Civil, la Empresa Administradora de Aeropuertos Internacionales y el Instituto Nicarag\u00fcense de Turismo (Intur).<\/p>\n<p>Las tarifas establecidas por Volaris para este 2017 de San Jos\u00e9 a Managua es de 64.99 d\u00f3lares y de Managua a San Jos\u00e9 84.99.<\/p>\n<p>Volaris es una empresa fundada en M\u00e9xico hace 11 a\u00f1os. Tiene 68 aviones con 166 rutas establecidas en 68 destinos, de estos, 44 vuelos nacionales (M\u00e9xico) y 27 internacionales.<\/p>\n<p>Dentro de los planes de Volaris para Centroam\u00e9rica, est\u00e1 tener entre 15 y 20 destinos y unos 22 aviones operando. Durante sus a\u00f1os de operaciones Volaris ha transportado a unos 75 millones de clientes.<\/p>\n<p>Durante el anuncio de la apertura de operaciones estuvieron presentes la codirectora del INTUR, Anasha Campbell; el titular del INAC, capit\u00e1n Carlos Salazar; el presidente del COSEP, Jos\u00e9 Ad\u00e1n Aguerri y la titular de CANATUR, Lucy Valenti.<\/p>\n","protected":false},"excerpt":{"rendered":"<p>La l\u00ednea a\u00e9rea mexicana de bajo costo Volaris, realizar\u00e1 su primer vuelo hacia suelo nacional el 7 de abril pr\u00f3ximo, saliendo desde San Jos\u00e9, Costa Rica a las 2:00 de la tarde. El primer viaje desde el Aeropuerto Internacional Augusto C. Sandino, ser\u00e1 ese mismo d\u00eda a las 3:50 minutos de la tarde. El presidente [&hellip;]<\/p>\n","protected":false},"author":1,"featured_media":46195,"comment_status":"open","ping_status":"open","sticky":false,"template":"","format":"standard","meta":{"om_disable_all_campaigns":false,"_monsterinsights_skip_tracking":false,"_monsterinsights_sitenote_active":false,"_monsterinsights_sitenote_note":"","_monsterinsights_sitenote_category":0,"footnotes":""},"categories":[4,3524,13],"tags":[],"class_list":["post-46193","post","type-post","status-publish","format-standard","has-post-thumbnail","hentry","category-economia","category-noticas","category-portada"],"aioseo_notices":[],"_links":{"self":[{"href":"https:\/\/elcronistadigital.com\/index.php?rest_route=\/wp\/v2\/posts\/46193","targetHints":{"allow":["GET"]}}],"collection":[{"href":"https:\/\/elcronistadigital.com\/index.php?rest_route=\/wp\/v2\/posts"}],"about":[{"href":"https:\/\/elcronistadigital.com\/index.php?rest_route=\/wp\/v2\/types\/post"}],"author":[{"embeddable":true,"href":"https:\/\/elcronistadigital.com\/index.php?rest_route=\/wp\/v2\/users\/1"}],"replies":[{"embeddable":true,"href":"https:\/\/elcronistadigital.com\/index.php?rest_route=%2Fwp%2Fv2%2Fcomments&post=46193"}],"version-history":[{"count":1,"href":"https:\/\/elcronistadigital.com\/index.php?rest_route=\/wp\/v2\/posts\/46193\/revisions"}],"predecessor-version":[{"id":46196,"href":"https:\/\/elcronistadigital.com\/index.php?rest_route=\/wp\/v2\/posts\/46193\/revisions\/46196"}],"wp:featuredmedia":[{"embeddable":true,"href":"https:\/\/elcronistadigital.com\/index.php?rest_route=\/wp\/v2\/media\/46195"}],"wp:attachment":[{"href":"https:\/\/elcronistadigital.com\/index.php?rest_route=%2Fwp%2Fv2%2Fmedia&parent=46193"}],"wp:term":[{"taxonomy":"category","embeddable":true,"href":"https:\/\/elcronistadigital.com\/index.php?rest_route=%2Fwp%2Fv2%2Fcategories&post=46193"},{"taxonomy":"post_tag","embeddable":true,"href":"https:\/\/elcronistadigital.com\/index.php?rest_route=%2Fwp%2Fv2%2Ftags&post=46193"}],"curies":[{"name":"wp","href":"https:\/\/api.w.org\/{rel}","templated":true}]}}