{"id":46263,"date":"2017-03-31T07:41:54","date_gmt":"2017-03-31T13:41:54","guid":{"rendered":"http:\/\/elcronistadigital.com\/?p=46263"},"modified":"2017-03-31T07:41:54","modified_gmt":"2017-03-31T13:41:54","slug":"nicaragua-expone-en-eu-avances-economicos","status":"publish","type":"post","link":"https:\/\/elcronistadigital.com\/?p=46263","title":{"rendered":"Nicaragua expone en EU avances econ\u00f3micos"},"content":{"rendered":"<p><a href=\"https:\/\/elcronistadigital.com\/wp-content\/uploads\/2017\/03\/econotuya.jpg\"><img loading=\"lazy\" decoding=\"async\" class=\"alignleft size-full wp-image-46264\" alt=\"econotuya\" src=\"https:\/\/elcronistadigital.com\/wp-content\/uploads\/2017\/03\/econotuya.jpg\" width=\"448\" height=\"259\" srcset=\"https:\/\/elcronistadigital.com\/wp-content\/uploads\/2017\/03\/econotuya.jpg 448w, https:\/\/elcronistadigital.com\/wp-content\/uploads\/2017\/03\/econotuya-300x173.jpg 300w, https:\/\/elcronistadigital.com\/wp-content\/uploads\/2017\/03\/econotuya-342x197.jpg 342w\" sizes=\"auto, (max-width: 448px) 100vw, 448px\" \/><\/a>El delegado presidencial para las inversiones en Nicaragua, \u00c1lvaro Baltodano, dio a conocer en Estados Unidos los avances experimentados por la naci\u00f3n caribe\u00f1a en temas de crecimiento econ\u00f3mico, inversi\u00f3n y comercio, inform\u00f3 el jueves una fuente oficial.<\/p>\n<p>Seg\u00fan El 19 Digital, citado por Prensa Latina, Baltodano se reuni\u00f3 con el exsecretario estadounidense de Comercio Carlos Guti\u00e9rrez, empresarios, pol\u00edticos e importantes l\u00edderes de opini\u00f3n del pa\u00eds norte\u00f1o.<\/p>\n<p>Durante los intercambios, el delegado presidencial sostuvo que en 2016 Nicaragua logr\u00f3 m\u00e1s de mil 400 millones de d\u00f3lares por concepto de inversi\u00f3n extranjera directa, m\u00e1s del triple de la registrada en 2006, para ubicarse as\u00ed con la tasa de crecimiento m\u00e1s alta de Centroam\u00e9rica.<\/p>\n<p>Asimismo, indic\u00f3 que durante la \u00faltima d\u00e9cada m\u00e1s 47 pa\u00edses han invertido en Nicaragua en diversos sectores.<\/p>\n<p>Igualmente dio a conocer a sus contrapartes el sostenido crecimiento del Producto Interno Bruto en los \u00faltimos cinco a\u00f1os, el cual ha sido casi de 5,0 por ciento anual, para proyectar al pa\u00eds como la segunda econom\u00eda de m\u00e1s r\u00e1pido crecimiento en la subregi\u00f3n, despu\u00e9s de Panam\u00e1.<\/p>\n<p>Baltodano puntualiz\u00f3 que Nicaragua ha basado su desarrollo en factores como la atracci\u00f3n de inversi\u00f3n extranjera directa, duplicada en los \u00faltimos cinco a\u00f1os, as\u00ed como en la inversi\u00f3n local, en auge constante gracias a la confianza en el modelo de di\u00e1logo y consenso establecido por el gobierno sandinista.<\/p>\n<p>A su vez, invit\u00f3 a sus interlocutores a &#8216;ser parte de esta tendencia de crecimiento e invertir en nuestro pa\u00eds y tomar ventaja de nuestra segunda d\u00e9cada de transformaci\u00f3n que ya est\u00e1 comenzando&#8217;.<\/p>\n<p>Por su parte, el presidente de la C\u00e1mara de Comercio Americana de Nicaragua, \u00c1lvaro Rodr\u00edguez, quien entre otros form\u00f3 parte de la delegaci\u00f3n que acompa\u00f1\u00f3 al delegado presidencial, profundiz\u00f3 en el citado modelo de di\u00e1logo y consenso existente entre el sector privado y p\u00fablico.<\/p>\n<p>Al respecto manifest\u00f3 que ello ha permitido la paz social y la seguridad ciudadana en el pa\u00eds, elementos fundamentales para lograr mayores inversiones y avances, acot\u00f3.<\/p>\n<p>Rodr\u00edguez tambi\u00e9n refiri\u00f3 la importancia del DR-CAFTA (Tratado de Libre Comercio entre la Rep\u00fablica Dominicana-Centroam\u00e9rica y Estados Unidos) y el incremento de las exportaciones nicarag\u00fcenses hacia el pa\u00eds norte\u00f1o.<\/p>\n","protected":false},"excerpt":{"rendered":"<p>El delegado presidencial para las inversiones en Nicaragua, \u00c1lvaro Baltodano, dio a conocer en Estados Unidos los avances experimentados por la naci\u00f3n caribe\u00f1a en temas de crecimiento econ\u00f3mico, inversi\u00f3n y comercio, inform\u00f3 el jueves una fuente oficial. Seg\u00fan El 19 Digital, citado por Prensa Latina, Baltodano se reuni\u00f3 con el exsecretario estadounidense de Comercio Carlos [&hellip;]<\/p>\n","protected":false},"author":1,"featured_media":46264,"comment_status":"open","ping_status":"open","sticky":false,"template":"","format":"standard","meta":{"om_disable_all_campaigns":false,"_monsterinsights_skip_tracking":false,"_monsterinsights_sitenote_active":false,"_monsterinsights_sitenote_note":"","_monsterinsights_sitenote_category":0,"footnotes":""},"categories":[4,3524,13],"tags":[],"class_list":["post-46263","post","type-post","status-publish","format-standard","has-post-thumbnail","hentry","category-economia","category-noticas","category-portada"],"aioseo_notices":[],"_links":{"self":[{"href":"https:\/\/elcronistadigital.com\/index.php?rest_route=\/wp\/v2\/posts\/46263","targetHints":{"allow":["GET"]}}],"collection":[{"href":"https:\/\/elcronistadigital.com\/index.php?rest_route=\/wp\/v2\/posts"}],"about":[{"href":"https:\/\/elcronistadigital.com\/index.php?rest_route=\/wp\/v2\/types\/post"}],"author":[{"embeddable":true,"href":"https:\/\/elcronistadigital.com\/index.php?rest_route=\/wp\/v2\/users\/1"}],"replies":[{"embeddable":true,"href":"https:\/\/elcronistadigital.com\/index.php?rest_route=%2Fwp%2Fv2%2Fcomments&post=46263"}],"version-history":[{"count":1,"href":"https:\/\/elcronistadigital.com\/index.php?rest_route=\/wp\/v2\/posts\/46263\/revisions"}],"predecessor-version":[{"id":46265,"href":"https:\/\/elcronistadigital.com\/index.php?rest_route=\/wp\/v2\/posts\/46263\/revisions\/46265"}],"wp:featuredmedia":[{"embeddable":true,"href":"https:\/\/elcronistadigital.com\/index.php?rest_route=\/wp\/v2\/media\/46264"}],"wp:attachment":[{"href":"https:\/\/elcronistadigital.com\/index.php?rest_route=%2Fwp%2Fv2%2Fmedia&parent=46263"}],"wp:term":[{"taxonomy":"category","embeddable":true,"href":"https:\/\/elcronistadigital.com\/index.php?rest_route=%2Fwp%2Fv2%2Fcategories&post=46263"},{"taxonomy":"post_tag","embeddable":true,"href":"https:\/\/elcronistadigital.com\/index.php?rest_route=%2Fwp%2Fv2%2Ftags&post=46263"}],"curies":[{"name":"wp","href":"https:\/\/api.w.org\/{rel}","templated":true}]}}