{"id":46266,"date":"2017-03-31T08:16:16","date_gmt":"2017-03-31T14:16:16","guid":{"rendered":"http:\/\/elcronistadigital.com\/?p=46266"},"modified":"2017-03-31T08:17:12","modified_gmt":"2017-03-31T14:17:12","slug":"tico-firmado-por-los-astros-se-pulio-en-nicaragua","status":"publish","type":"post","link":"https:\/\/elcronistadigital.com\/?p=46266","title":{"rendered":"Tico firmado por los Astros se puli\u00f3 en Nicaragua"},"content":{"rendered":"<p><a href=\"https:\/\/elcronistadigital.com\/wp-content\/uploads\/2017\/03\/Bryan-Solano.jpg\"><img loading=\"lazy\" decoding=\"async\" class=\"alignleft size-medium wp-image-46267\" alt=\"Bryan Solano\" src=\"https:\/\/elcronistadigital.com\/wp-content\/uploads\/2017\/03\/Bryan-Solano-300x255.jpg\" width=\"300\" height=\"255\" srcset=\"https:\/\/elcronistadigital.com\/wp-content\/uploads\/2017\/03\/Bryan-Solano-300x255.jpg 300w, https:\/\/elcronistadigital.com\/wp-content\/uploads\/2017\/03\/Bryan-Solano-342x291.jpg 342w, https:\/\/elcronistadigital.com\/wp-content\/uploads\/2017\/03\/Bryan-Solano-234x200.jpg 234w, https:\/\/elcronistadigital.com\/wp-content\/uploads\/2017\/03\/Bryan-Solano.jpg 850w\" sizes=\"auto, (max-width: 300px) 100vw, 300px\" \/><\/a><span style=\"color: #993300;\"><em><strong>* Lo que algunos nicas han logrado en Costa Rica con el f\u00fatbol lo hizo el tico Bryan Solano en Nicaragua con el b\u00e9isbol: vino a nuestro pa\u00eds a pulirse y ahora en su tierra celebran que lo hayan firmado los Astros de Houston.<\/strong><\/em><\/span><\/p>\n<p>Juan Diego Villarreal | La Naci\u00f3n<\/p>\n<p>Bryan Solano asegur\u00f3 que no le fue f\u00e1cil irse a Nicaragua cuando contaba 17 a\u00f1os, pero ten\u00eda la fe de alcanzar su anhelo, de ser profesional y ayudar a su familia.<\/p>\n<p>\u00bfC\u00f3mo se dio el contacto para irse a Nicaragua?<\/p>\n<p>Mi entrenador Ricky Lackwood, quien me guio desde ni\u00f1o, fue quien me dijo de la oportunidad de ir a Nicaragua, al igual que un amigo que me vio condiciones, por lo que me recomendaron.<\/p>\n<p>\u00bfSi no hubiese ido a Nicaragua, habr\u00eda tenido la opci\u00f3n de los Astros?<\/p>\n<p>La verdad nadie lo sabe, solo Dios, pero es cierto que en Nicaragua mejor\u00e9 el peso, la fuerza y varios aspectos t\u00e9cnicos.<\/p>\n<p>\u00bfLe cost\u00f3 tomar la decisi\u00f3n de marcharse?<\/p>\n<p>El mismo amor al juego lo hace a uno tomar decisiones y querer ayudar a la familia. Fue dif\u00edcil, pero hoy no me arrepiento.<\/p>\n<p>\u00bfC\u00f3mo se siente emocionalmente ahora que debe afrontar el viaje a Dominicana?<\/p>\n<p>Uno se debe preparar antes de partir, porque estar\u00e9 lejos de las personas que me quieren. Con el tiempo uno se acostumbra, conoce amigos y se adapta al lugar. S\u00e9 que tendr\u00e9 una dura competencia, pero con el trabajo todo es posible.<\/p>\n<p>\u00bfC\u00f3mo empieza Bryan Solano en el b\u00e9isbol?<\/p>\n<p>Inici\u00e9 en la playa de Cieneguita con mis amigos. Como todo ni\u00f1o jugaba por diversi\u00f3n y poco a poco sent\u00ed que lo necesitaba demasiado.<\/p>\n<p>\u00bfD\u00f3nde jug\u00f3 antes de irse a Nicaragua?<\/p>\n<p>Jugu\u00e9 con los equipos Reyes de Lim\u00f3n y en la liga de Santo Domingo con los Patriotas. Tambi\u00e9n en los Juegos Nacionales (gan\u00f3 medalla de plata con Lim\u00f3n en 2015 y fue declarado el pelotero m\u00e1s valioso).<\/p>\n<p>\u00bfAlguna vez jug\u00f3 f\u00fatbol?<\/p>\n<p>Nunca me llam\u00f3 la atenci\u00f3n; lo m\u00edo es el b\u00e9isbol.<\/p>\n<p>\u00bfC\u00f3mo se siente tras la firma con los Astros?<\/p>\n<p>Logr\u00e9 lo que quer\u00eda, me siento muy contento, es un sue\u00f1o para m\u00ed. Ahora debo trabajar m\u00e1s fuerte y llamar la atenci\u00f3n para ir escalando poco a poco y llegar alg\u00fan d\u00eda a las Grandes Ligas.<\/p>\n<p>\u00bfA qui\u00e9n le dedica este logro?<\/p>\n<p>A mi pap\u00e1 que hace 14 a\u00f1os no est\u00e1 conmigo. Fue el motor que me impulso a seguir adelante. El saber que mi pap\u00e1 no est\u00e1 con vida y es mi mam\u00e1 la que me sac\u00f3 adelante me dio las fuerzas para continuar y seguir hasta el final.<\/p>\n<p>\u00bfC\u00f3mo siente que lo van a recibir en Lim\u00f3n, ahora que regresa al Estadio Big Boy?<\/p>\n<p>Ahora estaba pensando que el d\u00eda que sal\u00ed de all\u00ed, hacia Nicaragua, me dije que no iba a volver a mi casa hasta que lograra firmar para Grandes Ligas. Era una meta que gracias a Dios pude cumplir.<\/p>\n<p>\u00bfEstar\u00e1 en la Selecci\u00f3n de Costa Rica de b\u00e9isbol en los pr\u00f3ximos Juegos Centroamericanos?<\/p>\n<p>Eso debe decidirlo la organizaci\u00f3n. De momento no sabr\u00eda decirlo.<\/p>\n<p>\u00bfA qui\u00e9n admira?<\/p>\n<p>Admiraba a Yordano Ventura (qepd) y tambi\u00e9n a Chris S\u00e1nchez; son los lanzadores que me llaman la atenci\u00f3n.<\/p>\n<p>Juan Diego Villarreal<br \/>\njuan.villarreal@nacion.com<\/p>\n","protected":false},"excerpt":{"rendered":"<p>* Lo que algunos nicas han logrado en Costa Rica con el f\u00fatbol lo hizo el tico Bryan Solano en Nicaragua con el b\u00e9isbol: vino a nuestro pa\u00eds a pulirse y ahora en su tierra celebran que lo hayan firmado los Astros de Houston. Juan Diego Villarreal | La Naci\u00f3n Bryan Solano asegur\u00f3 que no [&hellip;]<\/p>\n","protected":false},"author":1,"featured_media":46267,"comment_status":"open","ping_status":"open","sticky":false,"template":"","format":"standard","meta":{"om_disable_all_campaigns":false,"_monsterinsights_skip_tracking":false,"_monsterinsights_sitenote_active":false,"_monsterinsights_sitenote_note":"","_monsterinsights_sitenote_category":0,"footnotes":""},"categories":[3524],"tags":[],"class_list":["post-46266","post","type-post","status-publish","format-standard","has-post-thumbnail","hentry","category-noticas"],"aioseo_notices":[],"_links":{"self":[{"href":"https:\/\/elcronistadigital.com\/index.php?rest_route=\/wp\/v2\/posts\/46266","targetHints":{"allow":["GET"]}}],"collection":[{"href":"https:\/\/elcronistadigital.com\/index.php?rest_route=\/wp\/v2\/posts"}],"about":[{"href":"https:\/\/elcronistadigital.com\/index.php?rest_route=\/wp\/v2\/types\/post"}],"author":[{"embeddable":true,"href":"https:\/\/elcronistadigital.com\/index.php?rest_route=\/wp\/v2\/users\/1"}],"replies":[{"embeddable":true,"href":"https:\/\/elcronistadigital.com\/index.php?rest_route=%2Fwp%2Fv2%2Fcomments&post=46266"}],"version-history":[{"count":2,"href":"https:\/\/elcronistadigital.com\/index.php?rest_route=\/wp\/v2\/posts\/46266\/revisions"}],"predecessor-version":[{"id":46269,"href":"https:\/\/elcronistadigital.com\/index.php?rest_route=\/wp\/v2\/posts\/46266\/revisions\/46269"}],"wp:featuredmedia":[{"embeddable":true,"href":"https:\/\/elcronistadigital.com\/index.php?rest_route=\/wp\/v2\/media\/46267"}],"wp:attachment":[{"href":"https:\/\/elcronistadigital.com\/index.php?rest_route=%2Fwp%2Fv2%2Fmedia&parent=46266"}],"wp:term":[{"taxonomy":"category","embeddable":true,"href":"https:\/\/elcronistadigital.com\/index.php?rest_route=%2Fwp%2Fv2%2Fcategories&post=46266"},{"taxonomy":"post_tag","embeddable":true,"href":"https:\/\/elcronistadigital.com\/index.php?rest_route=%2Fwp%2Fv2%2Ftags&post=46266"}],"curies":[{"name":"wp","href":"https:\/\/api.w.org\/{rel}","templated":true}]}}