{"id":46280,"date":"2017-04-02T09:46:09","date_gmt":"2017-04-02T15:46:09","guid":{"rendered":"http:\/\/elcronistadigital.com\/?p=46280"},"modified":"2017-04-02T09:46:09","modified_gmt":"2017-04-02T15:46:09","slug":"llamados-al-dialogo","status":"publish","type":"post","link":"https:\/\/elcronistadigital.com\/?p=46280","title":{"rendered":"Llamados al di\u00e1logo"},"content":{"rendered":"<p><a href=\"https:\/\/elcronistadigital.com\/wp-content\/uploads\/2017\/04\/flag.jpg\"><img loading=\"lazy\" decoding=\"async\" class=\"alignleft size-full wp-image-46281\" alt=\"flag\" src=\"https:\/\/elcronistadigital.com\/wp-content\/uploads\/2017\/04\/flag.jpg\" width=\"450\" height=\"253\" srcset=\"https:\/\/elcronistadigital.com\/wp-content\/uploads\/2017\/04\/flag.jpg 450w, https:\/\/elcronistadigital.com\/wp-content\/uploads\/2017\/04\/flag-300x168.jpg 300w, https:\/\/elcronistadigital.com\/wp-content\/uploads\/2017\/04\/flag-342x192.jpg 342w\" sizes=\"auto, (max-width: 450px) 100vw, 450px\" \/><\/a>El gobierno ecuatoriano expres\u00f3 a trav\u00e9s de una nota: \u201cEl Gobierno del Ecuador alienta a Gobierno y oposici\u00f3n a encauzar la situaci\u00f3n a trav\u00e9s del mecanismo de di\u00e1logo auspiciado por la Unasur\u201d, y \u201crechaza cualquier intento de desestabilizaci\u00f3n en Venezuela promovido desde instancias internacionales\u201d.<\/p>\n<p>Ambos gobiernos sostienen estrechas relaciones de amistad y pol\u00edticamente corresponden a la corriente progresista de naciones de la regi\u00f3n, de la que forman parte tambi\u00e9n Nicaragua y Bolivia.<\/p>\n<p>Ante la amenaza del secretario general de la OEA, Luis Almagro, de aplicar la Carta Democr\u00e1tica Interamericana al pa\u00eds bolivariano, la Canciller\u00eda de Bolivia expres\u00f3 su solidaridad e incondicional apoyo a Venezuela y habl\u00f3 de \u201cun nuevo ataque y acoso pol\u00edtico que intenta fracturar la democracia, desestabilizar al Gobierno del presidente Nicol\u00e1s Maduro y desconocer la Constituci\u00f3n Venezolana\u201d.<\/p>\n<p>El presidente de Colombia, Juan Manuel Santos, calific\u00f3 de \u201cinaceptable\u201d la decisi\u00f3n de la Justicia venezolana y dijo no se puede descartar la aplicaci\u00f3n de la Carta Democr\u00e1tica en la Organizaci\u00f3n de Estados Americanos. \u201cLa posible aplicaci\u00f3n de la Carta Democr\u00e1tica en la OEA no se debe descartar. Anular con una decisi\u00f3n arbitraria el Poder Legislativo es inaceptable, eso claramente destruye el pilar m\u00e1s importante de cualquier democracia, que es la representaci\u00f3n popular\u201d, afirm\u00f3 Santos, quien expres\u00f3 la disposici\u00f3n de su Gobierno a colaborar en el di\u00e1logo para que se supere la actual situaci\u00f3n.<\/p>\n<p>La presidenta de Chile, Michelle Bachelet, ofreci\u00f3 la colaboraci\u00f3n de su pa\u00eds \u201cpara que Venezuela pueda retomar el di\u00e1logo y retornar al camino del derechos y la plena democracia\u201d.<\/p>\n<p>El presidente mexicano, Enrique Pe\u00f1a Nieto, confi\u00f3 en que Venezuela recupere pronto el \u201corden democr\u00e1tico\u201d y dijo que su pa\u00eds no puede permanecer indiferente, como tampoco lo hizo en 2002 ante un intento de derrocar al entonces presidente, Hugo Ch\u00e1vez.<\/p>\n<p>Espa\u00f1a defendi\u00f3 un di\u00e1logo \u201curgente, inclusivo y efectivo\u201d en un contexto de \u201cescrupuloso respeto\u201d al Estado de Derecho. Alemania acus\u00f3 a Maduro de convertir a la poblaci\u00f3n en \u201creh\u00e9n de sus propias ambiciones\u201d, mientras Rusia pidi\u00f3 que el di\u00e1logo se imponga sobre la confrontaci\u00f3n.<\/p>\n","protected":false},"excerpt":{"rendered":"<p>El gobierno ecuatoriano expres\u00f3 a trav\u00e9s de una nota: \u201cEl Gobierno del Ecuador alienta a Gobierno y oposici\u00f3n a encauzar la situaci\u00f3n a trav\u00e9s del mecanismo de di\u00e1logo auspiciado por la Unasur\u201d, y \u201crechaza cualquier intento de desestabilizaci\u00f3n en Venezuela promovido desde instancias internacionales\u201d. Ambos gobiernos sostienen estrechas relaciones de amistad y pol\u00edticamente corresponden a [&hellip;]<\/p>\n","protected":false},"author":1,"featured_media":46281,"comment_status":"open","ping_status":"open","sticky":false,"template":"","format":"standard","meta":{"om_disable_all_campaigns":false,"_monsterinsights_skip_tracking":false,"_monsterinsights_sitenote_active":false,"_monsterinsights_sitenote_note":"","_monsterinsights_sitenote_category":0,"footnotes":""},"categories":[15,3524,13],"tags":[],"class_list":["post-46280","post","type-post","status-publish","format-standard","has-post-thumbnail","hentry","category-politca","category-noticas","category-portada"],"aioseo_notices":[],"_links":{"self":[{"href":"https:\/\/elcronistadigital.com\/index.php?rest_route=\/wp\/v2\/posts\/46280","targetHints":{"allow":["GET"]}}],"collection":[{"href":"https:\/\/elcronistadigital.com\/index.php?rest_route=\/wp\/v2\/posts"}],"about":[{"href":"https:\/\/elcronistadigital.com\/index.php?rest_route=\/wp\/v2\/types\/post"}],"author":[{"embeddable":true,"href":"https:\/\/elcronistadigital.com\/index.php?rest_route=\/wp\/v2\/users\/1"}],"replies":[{"embeddable":true,"href":"https:\/\/elcronistadigital.com\/index.php?rest_route=%2Fwp%2Fv2%2Fcomments&post=46280"}],"version-history":[{"count":1,"href":"https:\/\/elcronistadigital.com\/index.php?rest_route=\/wp\/v2\/posts\/46280\/revisions"}],"predecessor-version":[{"id":46282,"href":"https:\/\/elcronistadigital.com\/index.php?rest_route=\/wp\/v2\/posts\/46280\/revisions\/46282"}],"wp:featuredmedia":[{"embeddable":true,"href":"https:\/\/elcronistadigital.com\/index.php?rest_route=\/wp\/v2\/media\/46281"}],"wp:attachment":[{"href":"https:\/\/elcronistadigital.com\/index.php?rest_route=%2Fwp%2Fv2%2Fmedia&parent=46280"}],"wp:term":[{"taxonomy":"category","embeddable":true,"href":"https:\/\/elcronistadigital.com\/index.php?rest_route=%2Fwp%2Fv2%2Fcategories&post=46280"},{"taxonomy":"post_tag","embeddable":true,"href":"https:\/\/elcronistadigital.com\/index.php?rest_route=%2Fwp%2Fv2%2Ftags&post=46280"}],"curies":[{"name":"wp","href":"https:\/\/api.w.org\/{rel}","templated":true}]}}