{"id":46290,"date":"2017-04-03T08:27:33","date_gmt":"2017-04-03T14:27:33","guid":{"rendered":"http:\/\/elcronistadigital.com\/?p=46290"},"modified":"2017-04-03T08:27:33","modified_gmt":"2017-04-03T14:27:33","slug":"rusia-y-nicaragua-concretan-maniobras-militares","status":"publish","type":"post","link":"https:\/\/elcronistadigital.com\/?p=46290","title":{"rendered":"Rusia y Nicaragua concretan maniobras militares"},"content":{"rendered":"<div id=\"attachment_46291\" style=\"width: 460px\" class=\"wp-caption alignleft\"><a href=\"https:\/\/elcronistadigital.com\/wp-content\/uploads\/2017\/04\/militares-rusos.jpg\"><img loading=\"lazy\" decoding=\"async\" aria-describedby=\"caption-attachment-46291\" class=\"size-full wp-image-46291\" alt=\"Maniobras militares de Rusia y Venezuela.\" src=\"https:\/\/elcronistadigital.com\/wp-content\/uploads\/2017\/04\/militares-rusos.jpg\" width=\"450\" height=\"337\" srcset=\"https:\/\/elcronistadigital.com\/wp-content\/uploads\/2017\/04\/militares-rusos.jpg 450w, https:\/\/elcronistadigital.com\/wp-content\/uploads\/2017\/04\/militares-rusos-300x224.jpg 300w, https:\/\/elcronistadigital.com\/wp-content\/uploads\/2017\/04\/militares-rusos-342x256.jpg 342w, https:\/\/elcronistadigital.com\/wp-content\/uploads\/2017\/04\/militares-rusos-60x45.jpg 60w, https:\/\/elcronistadigital.com\/wp-content\/uploads\/2017\/04\/militares-rusos-150x113.jpg 150w, https:\/\/elcronistadigital.com\/wp-content\/uploads\/2017\/04\/militares-rusos-269x201.jpg 269w\" sizes=\"auto, (max-width: 450px) 100vw, 450px\" \/><\/a><p id=\"caption-attachment-46291\" class=\"wp-caption-text\">Maniobras militares de Rusia y Venezuela.<\/p><\/div>\n<p>Mosc\u00fa.- Una comitiva de las Fuerzas Aerotransportadas de Rusia viaj\u00f3 a Nicaragua para concretizar maniobras militares en este pa\u00eds centroamericano, seg\u00fan informa la publicaci\u00f3n Sputnik.<\/p>\n<p>\u00abDurante la visita de seis d\u00edas los expertos militares rusos realizar\u00e1n varias consultas con sus pares de Nicaragua sobre la participaci\u00f3n de las Fuerzas Aerotransportadas en ejercicios t\u00e1cticos conjuntos en territorio nicarag\u00fcense\u00bb, se\u00f1al\u00f3 el Ministerio ruso de Defensa en un comunicado.<\/p>\n<p>Los expertos castrenses de los dos pa\u00edses concordar\u00e1n la fecha de las maniobras y la cantidad de personal militar que tomar\u00e1 parte en los entrenamientos.<\/p>\n<p>La delegaci\u00f3n rusa permanecer\u00e1 en Nicaragua hasta el 8 de abril.<\/p>\n","protected":false},"excerpt":{"rendered":"<p>Mosc\u00fa.- Una comitiva de las Fuerzas Aerotransportadas de Rusia viaj\u00f3 a Nicaragua para concretizar maniobras militares en este pa\u00eds centroamericano, seg\u00fan informa la publicaci\u00f3n Sputnik. \u00abDurante la visita de seis d\u00edas los expertos militares rusos realizar\u00e1n varias consultas con sus pares de Nicaragua sobre la participaci\u00f3n de las Fuerzas Aerotransportadas en ejercicios t\u00e1cticos conjuntos en [&hellip;]<\/p>\n","protected":false},"author":1,"featured_media":46291,"comment_status":"open","ping_status":"open","sticky":false,"template":"","format":"standard","meta":{"om_disable_all_campaigns":false,"_monsterinsights_skip_tracking":false,"_monsterinsights_sitenote_active":false,"_monsterinsights_sitenote_note":"","_monsterinsights_sitenote_category":0,"footnotes":""},"categories":[3524,13],"tags":[],"class_list":["post-46290","post","type-post","status-publish","format-standard","has-post-thumbnail","hentry","category-noticas","category-portada"],"aioseo_notices":[],"_links":{"self":[{"href":"https:\/\/elcronistadigital.com\/index.php?rest_route=\/wp\/v2\/posts\/46290","targetHints":{"allow":["GET"]}}],"collection":[{"href":"https:\/\/elcronistadigital.com\/index.php?rest_route=\/wp\/v2\/posts"}],"about":[{"href":"https:\/\/elcronistadigital.com\/index.php?rest_route=\/wp\/v2\/types\/post"}],"author":[{"embeddable":true,"href":"https:\/\/elcronistadigital.com\/index.php?rest_route=\/wp\/v2\/users\/1"}],"replies":[{"embeddable":true,"href":"https:\/\/elcronistadigital.com\/index.php?rest_route=%2Fwp%2Fv2%2Fcomments&post=46290"}],"version-history":[{"count":1,"href":"https:\/\/elcronistadigital.com\/index.php?rest_route=\/wp\/v2\/posts\/46290\/revisions"}],"predecessor-version":[{"id":46292,"href":"https:\/\/elcronistadigital.com\/index.php?rest_route=\/wp\/v2\/posts\/46290\/revisions\/46292"}],"wp:featuredmedia":[{"embeddable":true,"href":"https:\/\/elcronistadigital.com\/index.php?rest_route=\/wp\/v2\/media\/46291"}],"wp:attachment":[{"href":"https:\/\/elcronistadigital.com\/index.php?rest_route=%2Fwp%2Fv2%2Fmedia&parent=46290"}],"wp:term":[{"taxonomy":"category","embeddable":true,"href":"https:\/\/elcronistadigital.com\/index.php?rest_route=%2Fwp%2Fv2%2Fcategories&post=46290"},{"taxonomy":"post_tag","embeddable":true,"href":"https:\/\/elcronistadigital.com\/index.php?rest_route=%2Fwp%2Fv2%2Ftags&post=46290"}],"curies":[{"name":"wp","href":"https:\/\/api.w.org\/{rel}","templated":true}]}}