{"id":46311,"date":"2017-04-05T15:40:35","date_gmt":"2017-04-05T21:40:35","guid":{"rendered":"http:\/\/elcronistadigital.com\/?p=46311"},"modified":"2017-04-05T15:40:35","modified_gmt":"2017-04-05T21:40:35","slug":"casi-1300-nicas-en-capital-de-guipuzcoa","status":"publish","type":"post","link":"https:\/\/elcronistadigital.com\/?p=46311","title":{"rendered":"Casi 1,300 nicas en capital de Guip\u00fazcoa"},"content":{"rendered":"<p><a href=\"https:\/\/elcronistadigital.com\/wp-content\/uploads\/2017\/04\/donostia.jpg\"><img loading=\"lazy\" decoding=\"async\" class=\"alignleft size-full wp-image-46312\" alt=\"donostia\" src=\"https:\/\/elcronistadigital.com\/wp-content\/uploads\/2017\/04\/donostia.jpg\" width=\"400\" height=\"400\" srcset=\"https:\/\/elcronistadigital.com\/wp-content\/uploads\/2017\/04\/donostia.jpg 400w, https:\/\/elcronistadigital.com\/wp-content\/uploads\/2017\/04\/donostia-150x150.jpg 150w, https:\/\/elcronistadigital.com\/wp-content\/uploads\/2017\/04\/donostia-300x300.jpg 300w, https:\/\/elcronistadigital.com\/wp-content\/uploads\/2017\/04\/donostia-50x50.jpg 50w, https:\/\/elcronistadigital.com\/wp-content\/uploads\/2017\/04\/donostia-342x342.jpg 342w, https:\/\/elcronistadigital.com\/wp-content\/uploads\/2017\/04\/donostia-70x70.jpg 70w, https:\/\/elcronistadigital.com\/wp-content\/uploads\/2017\/04\/donostia-55x55.jpg 55w\" sizes=\"auto, (max-width: 400px) 100vw, 400px\" \/><\/a>Apenas un 6,7% de los habitantes censados en San Sebasti\u00e1n, Guip\u00fazcoa, Espa\u00f1a, lo que supone unas 12.500 personas, proviene de un pa\u00eds extranjero. De ellos, 1.291 son nicarag\u00fcenses, lo que constituye el 10,35% del total de for\u00e1neos.<\/p>\n<p>Entre los extranjeros de San Sebasti\u00e1n se suman hasta 130 pa\u00edses de origen diferentes, de los 193 que reconoce la Organizaci\u00f3n de Naciones Unidas.<\/p>\n<p>La presencia de algunos de ellos en el d\u00eda a d\u00eda de la capital guipuzcoana es m\u00e1s palpable que la de otros. Es el caso de los hondure\u00f1os que se sit\u00faan en lo m\u00e1s alto de la tabla de los extranjeros empadronados en la ciudad, sumando 1.481 habitantes (el 11% de todos ellos). Les siguen en segundo lugar sus vecinos nicarag\u00fcenses (1.291 habitantes, suponen el 10,35%) y en tercera posici\u00f3n los habitantes de nacionalidad marroqu\u00ed (806 habitantes y el 6,46%).<\/p>\n<p>En \u00e9l registro poblacional se comprueba que conviven entre los donostiarras un buen n\u00famero de rumanos (577), italianos (572), ucranianos (506), chinos (474) y brasile\u00f1os (341). Y la lista contin\u00faa como podr\u00e1n imaginar. Si bien es cierto que, en algunos casos, la presencia de varias nacionalidades es meramente testimonial. Hay por ejemplo un \u00fanico donostiarra censado procedente de pa\u00edses como Afganist\u00e1n, Bahrein, Chad, Irak, Jordania, Kazajst\u00e1n, Kirguist\u00e1n, Islas Mauricio, Qatar, Sri-Lanka y Tanzania.<\/p>\n<p>Todas estas cifras se desprenden del censo municipal de San Sebasti\u00e1n, registrado a 31 de diciembre de 2016, y que fue presentado ayer por el alcalde Eneko Goia. El \u00edndice de poblaci\u00f3n extranjera es muy parecido al de a\u00f1o anterior seg\u00fan Goia, quien record\u00f3 que desde la crisis econ\u00f3mica de 2008 la proporci\u00f3n de for\u00e1neos se ha mantenido por debajo del 7%.<\/p>\n<p>La primera conclusi\u00f3n que sacan los responsables municipales del recuento poblacional de San Sebasti\u00e1n es que la cifra de habitantes \u00abpermanece estable\u00bb, sin grandes variaciones \u00aben los \u00faltimos diez a\u00f1os\u00bb, tal y como explic\u00f3 Goia en rueda de prensa. Aunque con ligeras oscilaciones, porque cada a\u00f1o se registra cierto n\u00famero de salidas y nuevas entradas al censo, el alcalde destac\u00f3 que \u00abestamos m\u00e1s o menos los mismos\u00bb habitantes \u00abpero un poquito m\u00e1s mayores\u00bb.<\/p>\n","protected":false},"excerpt":{"rendered":"<p>Apenas un 6,7% de los habitantes censados en San Sebasti\u00e1n, Guip\u00fazcoa, Espa\u00f1a, lo que supone unas 12.500 personas, proviene de un pa\u00eds extranjero. De ellos, 1.291 son nicarag\u00fcenses, lo que constituye el 10,35% del total de for\u00e1neos. Entre los extranjeros de San Sebasti\u00e1n se suman hasta 130 pa\u00edses de origen diferentes, de los 193 que [&hellip;]<\/p>\n","protected":false},"author":1,"featured_media":46312,"comment_status":"open","ping_status":"open","sticky":false,"template":"","format":"standard","meta":{"om_disable_all_campaigns":false,"_monsterinsights_skip_tracking":false,"_monsterinsights_sitenote_active":false,"_monsterinsights_sitenote_note":"","_monsterinsights_sitenote_category":0,"footnotes":""},"categories":[3524,13],"tags":[],"class_list":["post-46311","post","type-post","status-publish","format-standard","has-post-thumbnail","hentry","category-noticas","category-portada"],"aioseo_notices":[],"_links":{"self":[{"href":"https:\/\/elcronistadigital.com\/index.php?rest_route=\/wp\/v2\/posts\/46311","targetHints":{"allow":["GET"]}}],"collection":[{"href":"https:\/\/elcronistadigital.com\/index.php?rest_route=\/wp\/v2\/posts"}],"about":[{"href":"https:\/\/elcronistadigital.com\/index.php?rest_route=\/wp\/v2\/types\/post"}],"author":[{"embeddable":true,"href":"https:\/\/elcronistadigital.com\/index.php?rest_route=\/wp\/v2\/users\/1"}],"replies":[{"embeddable":true,"href":"https:\/\/elcronistadigital.com\/index.php?rest_route=%2Fwp%2Fv2%2Fcomments&post=46311"}],"version-history":[{"count":1,"href":"https:\/\/elcronistadigital.com\/index.php?rest_route=\/wp\/v2\/posts\/46311\/revisions"}],"predecessor-version":[{"id":46313,"href":"https:\/\/elcronistadigital.com\/index.php?rest_route=\/wp\/v2\/posts\/46311\/revisions\/46313"}],"wp:featuredmedia":[{"embeddable":true,"href":"https:\/\/elcronistadigital.com\/index.php?rest_route=\/wp\/v2\/media\/46312"}],"wp:attachment":[{"href":"https:\/\/elcronistadigital.com\/index.php?rest_route=%2Fwp%2Fv2%2Fmedia&parent=46311"}],"wp:term":[{"taxonomy":"category","embeddable":true,"href":"https:\/\/elcronistadigital.com\/index.php?rest_route=%2Fwp%2Fv2%2Fcategories&post=46311"},{"taxonomy":"post_tag","embeddable":true,"href":"https:\/\/elcronistadigital.com\/index.php?rest_route=%2Fwp%2Fv2%2Ftags&post=46311"}],"curies":[{"name":"wp","href":"https:\/\/api.w.org\/{rel}","templated":true}]}}