{"id":46335,"date":"2017-04-08T15:09:45","date_gmt":"2017-04-08T21:09:45","guid":{"rendered":"http:\/\/elcronistadigital.com\/?p=46335"},"modified":"2017-04-08T15:09:45","modified_gmt":"2017-04-08T21:09:45","slug":"fallecio-el-periodista-mario-fulvio-espinoza","status":"publish","type":"post","link":"https:\/\/elcronistadigital.com\/?p=46335","title":{"rendered":"Falleci\u00f3 el periodista Mario Fulvio Espinoza"},"content":{"rendered":"<div id=\"attachment_46336\" style=\"width: 310px\" class=\"wp-caption alignleft\"><a href=\"https:\/\/elcronistadigital.com\/wp-content\/uploads\/2017\/04\/Mario-Fulvio-Esp\u00ecnosa.jpg\"><img loading=\"lazy\" decoding=\"async\" aria-describedby=\"caption-attachment-46336\" class=\"size-full wp-image-46336\" alt=\"El periodista Mario Fulvio Espinosa.\" src=\"https:\/\/elcronistadigital.com\/wp-content\/uploads\/2017\/04\/Mario-Fulvio-Esp\u00ecnosa.jpg\" width=\"300\" height=\"260\" \/><\/a><p id=\"caption-attachment-46336\" class=\"wp-caption-text\">El periodista Mario Fulvio Espinosa.<\/p><\/div>\n<p>Falleci\u00f3 hace poco el periodista y catedr\u00e1tico Mario Fulvio Espinoza, quien desde hace alg\u00fan tiempo ven\u00eda enfrentando una grave enfermedad que finalmente lo venci\u00f3.<\/p>\n<p>Mario Fulvio fue editor durante muchos a\u00f1os de El Nuevo Diario de Nicaragua y de El Tiempo, en Honduras. Fue director de la Escuela de Periodismo y un irreductible hombre de izquierda que no cambi\u00f3 de acera incluso en las m\u00e1s duras adversidades.<\/p>\n<p>En 2011 recibi\u00f3 la Medalla de Honor al M\u00e9rito que otorga el Parlamento Centroamericano (Parlacen). La publicaci\u00f3n El 19 rememora que fue un ni\u00f1o muy ocurrente cuando vend\u00eda dulces en la vieja Managua.<\/p>\n<p>Luego su vida dio un giro cuando se convirti\u00f3 en destacada periodista y vale decir que siempre guard\u00f3 en lo m\u00e1s \u00edntimo al ni\u00f1o vendedor de golosinas que le dulcific\u00f3 para siempre el car\u00e1cter, y le mantuvo adem\u00e1s sus ocurrencias que hicieron re\u00edr a varias generaciones de j\u00f3venes periodistas.<\/p>\n<p>El profesor Mario Fulvio fue director de la Escuela de Periodismo de la UNAN y de la Escuela de Periodismo de la Universidad Nacional de Honduras. Tambi\u00e9n fue miembro fundador de la Comisi\u00f3n de Derechos Humanos de Centroam\u00e9rica (Codehuca), formada en 1978.<\/p>\n","protected":false},"excerpt":{"rendered":"<p>Falleci\u00f3 hace poco el periodista y catedr\u00e1tico Mario Fulvio Espinoza, quien desde hace alg\u00fan tiempo ven\u00eda enfrentando una grave enfermedad que finalmente lo venci\u00f3. Mario Fulvio fue editor durante muchos a\u00f1os de El Nuevo Diario de Nicaragua y de El Tiempo, en Honduras. Fue director de la Escuela de Periodismo y un irreductible hombre de [&hellip;]<\/p>\n","protected":false},"author":1,"featured_media":46336,"comment_status":"open","ping_status":"open","sticky":false,"template":"","format":"standard","meta":{"om_disable_all_campaigns":false,"_monsterinsights_skip_tracking":false,"_monsterinsights_sitenote_active":false,"_monsterinsights_sitenote_note":"","_monsterinsights_sitenote_category":0,"footnotes":""},"categories":[3524,13],"tags":[],"class_list":["post-46335","post","type-post","status-publish","format-standard","has-post-thumbnail","hentry","category-noticas","category-portada"],"aioseo_notices":[],"_links":{"self":[{"href":"https:\/\/elcronistadigital.com\/index.php?rest_route=\/wp\/v2\/posts\/46335","targetHints":{"allow":["GET"]}}],"collection":[{"href":"https:\/\/elcronistadigital.com\/index.php?rest_route=\/wp\/v2\/posts"}],"about":[{"href":"https:\/\/elcronistadigital.com\/index.php?rest_route=\/wp\/v2\/types\/post"}],"author":[{"embeddable":true,"href":"https:\/\/elcronistadigital.com\/index.php?rest_route=\/wp\/v2\/users\/1"}],"replies":[{"embeddable":true,"href":"https:\/\/elcronistadigital.com\/index.php?rest_route=%2Fwp%2Fv2%2Fcomments&post=46335"}],"version-history":[{"count":1,"href":"https:\/\/elcronistadigital.com\/index.php?rest_route=\/wp\/v2\/posts\/46335\/revisions"}],"predecessor-version":[{"id":46337,"href":"https:\/\/elcronistadigital.com\/index.php?rest_route=\/wp\/v2\/posts\/46335\/revisions\/46337"}],"wp:featuredmedia":[{"embeddable":true,"href":"https:\/\/elcronistadigital.com\/index.php?rest_route=\/wp\/v2\/media\/46336"}],"wp:attachment":[{"href":"https:\/\/elcronistadigital.com\/index.php?rest_route=%2Fwp%2Fv2%2Fmedia&parent=46335"}],"wp:term":[{"taxonomy":"category","embeddable":true,"href":"https:\/\/elcronistadigital.com\/index.php?rest_route=%2Fwp%2Fv2%2Fcategories&post=46335"},{"taxonomy":"post_tag","embeddable":true,"href":"https:\/\/elcronistadigital.com\/index.php?rest_route=%2Fwp%2Fv2%2Ftags&post=46335"}],"curies":[{"name":"wp","href":"https:\/\/api.w.org\/{rel}","templated":true}]}}