{"id":46338,"date":"2017-04-08T15:35:46","date_gmt":"2017-04-08T21:35:46","guid":{"rendered":"http:\/\/elcronistadigital.com\/?p=46338"},"modified":"2017-04-08T15:35:46","modified_gmt":"2017-04-08T21:35:46","slug":"mario-fulvio-gran-comunicador-y-humanista","status":"publish","type":"post","link":"https:\/\/elcronistadigital.com\/?p=46338","title":{"rendered":"Mario Fulvio, gran comunicador y humanista"},"content":{"rendered":"<div id=\"attachment_46339\" style=\"width: 310px\" class=\"wp-caption alignleft\"><a href=\"https:\/\/elcronistadigital.com\/wp-content\/uploads\/2017\/04\/Mario-Fulvio-Esp\u00ecnosa-Ampi\u00e9.jpg\"><img loading=\"lazy\" decoding=\"async\" aria-describedby=\"caption-attachment-46339\" class=\"size-full wp-image-46339\" alt=\"Mario Fulvio Espinoza Ampi\u00e9, periodista, editor, escritor y gran humanista.\" src=\"https:\/\/elcronistadigital.com\/wp-content\/uploads\/2017\/04\/Mario-Fulvio-Esp\u00ecnosa-Ampi\u00e9.jpg\" width=\"300\" height=\"352\" srcset=\"https:\/\/elcronistadigital.com\/wp-content\/uploads\/2017\/04\/Mario-Fulvio-Esp\u00ecnosa-Ampi\u00e9.jpg 300w, https:\/\/elcronistadigital.com\/wp-content\/uploads\/2017\/04\/Mario-Fulvio-Esp\u00ecnosa-Ampi\u00e9-255x300.jpg 255w\" sizes=\"auto, (max-width: 300px) 100vw, 300px\" \/><\/a><p id=\"caption-attachment-46339\" class=\"wp-caption-text\">Mario Fulvio Espinoza Ampi\u00e9, periodista, editor, escritor y gran humanista.<\/p><\/div>\n<p>Mar\u00eda Conchita Gonz\u00e1lez<\/p>\n<p>Con motivo del deceso del apreciado profesor y colega Mario Fulvio Espinoza, publicamos una entrevista que le hicieron en 2009 a la periodista Rosario Montenegro, a manera de semblanza sobre el comunicador y catedr\u00e1tico que hoy nos deja.<\/p>\n<p>Universidad Nacional Aut\u00f3noma de Nicaragua UNAN-Managua<\/p>\n<p>Facultad de Humanidades y Ciencias Jur\u00eddicas<\/p>\n<p>Tema de Investigaci\u00f3n: El periodismo humanista del Profesor Mario Fulvio Espinosa. Estudio de caso de seis cr\u00f3nicas del libro \u00abCosas Veredes Sancho Amigo. H\u00e9roes Cotidianos\u201d publicado en el a\u00f1o 2009. Autora: Br. Mar\u00eda Conchita Gonz\u00e1lez Moya, Estudiante de la Carrera de Filolog\u00eda y Comunicaci\u00f3n. Tutor: MSc. Walter Calder\u00f3n.<\/p>\n<p>Entrevista dirigida a estudiantes y colegas<\/p>\n<p>Nombres y apellidos: Rosario Montenegro Zeled\u00f3n.<\/p>\n<p>Medio de comunicaci\u00f3n en que trabaja: Actualmente trabajo en Porter Novelli, una agencia de comunicaci\u00f3n, y soy docente de Comunicaci\u00f3n Corporativa en la UAM. He trabajado en los siguientes medios de comunicaci\u00f3n: El Nuevo Diario, La Tribuna, El Cronista Digital, Diario La Prensa.<\/p>\n<p>1) \u00bfC\u00f3mo conoci\u00f3 al profesor Mario Fulvio Espinosa?<\/p>\n<p>Al profesor Mario Fulvio lo conoc\u00ed como su alumna de g\u00e9neros period\u00edsticos, fue mi profesor pr\u00e1cticamente durante todos mis a\u00f1os de estudio de la carrera, tambi\u00e9n fue mi editor y mi maestro en El Nuevo Diario.<\/p>\n<p>2) \u00bfQu\u00e9 vivencias o lecciones tiene del profesor Mario Fulvio Espinosa?<\/p>\n<p>Son muchas las vivencias, aprendizajes y an\u00e9cdotas con el Profesor Mario Fulvio, que a lo largo del tiempo se ha convertido en un gran cari\u00f1o y respeto mutuo, que se ha extendido a nuestras familias.<\/p>\n<p>Como estudiante y como periodista una de las lecciones que aprend\u00ed es la responsabilidad y amor que se le debe poner a cada tarea que uno realiza, y no simplemente hacerlas por cumplir un compromiso. Recuerdo cuando en una ocasi\u00f3n me saqu\u00e9 80 en su clase, recib\u00ed un \u201cserm\u00f3n\u201d de casi media hora, a tal punto que pensaba que hab\u00eda dejado la clase.<\/p>\n<p>Como muchos j\u00f3venes, recuerdo que al final cuando me dio la nota, yo le dije: \u201cqu\u00e9 barbaridad, profesor, tanto drama que hace por un 80, yo pensaba que estaba aplazada\u201d. As\u00ed, que con su forma pausada y did\u00e1ctica, me hizo ver que uno no puede ser conformista, y que yo pod\u00eda y deb\u00eda aspirar a la excelencia.<\/p>\n<p>Como dir\u00eda \u00e9l, \u201cCosas Veredes, Sancho Amigo\u201d, a\u00f1os m\u00e1s tarde me convert\u00ed en su \u201ceditora\u201d, pues en La Prensa ten\u00eda a cargo la secci\u00f3n en donde se publicaban sus famosas cr\u00f3nicas period\u00edsticas, en las que por supuesto en vez de corregir, lo que me dejaban eran nuevos aprendizajes e inevitables carcajadas a lo largo de la lectura.<\/p>\n<p>3) \u00bfQu\u00e9 valores period\u00edsticos le fueron transmitidos del profesor Mario Fulvio Espinosa?<\/p>\n<p>Los principales valores transmitidos, especialmente con su ejemplo son: responsabilidad, perseverancia, honestidad, veracidad, humanismo, \u00e9tica. Te podr\u00eda decir muchos, pero creo que en estos se resume la calidad profesional y humana del Profesor Mario Fulvio.<\/p>\n<p>4) \u00bfQu\u00e9 valores \u00e9ticos y human\u00edsticos puede destacar del profesor Mario Fulvio Espinosa?<\/p>\n<p>Realmente son muchos los valores del Profesor Mario Fulvio, te podr\u00eda mencionar algunos, consciente de que ser\u00e1n insuficientes para describir al gran ser humano y profesional. Los podr\u00edamos resumir quiz\u00e1s as\u00ed: humanismo, honestidad, bondad, dignidad, generosidad, humildad, responsabilidad, innovador, lealtad, perseverancia.<\/p>\n<p>5) En cuanto al ejercicio \u00e9tico del periodismo en el pa\u00eds, \u00bfQu\u00e9 aportes puede enfatizar del profesor Mario Fulvio Espinosa?<\/p>\n<p>Sus principales aportes se recogen en sus trabajos realizados, pues en cada uno de ellos van expl\u00edcitos todos los valores que te describ\u00eda anteriormente, as\u00ed como en su comportamiento en el ejercicio period\u00edstico y al frente de organizaciones gremiales. Adem\u00e1s el Profesor Mario Fulvio ha sido un luchador incansable por el profesionalismo y dignificaci\u00f3n del gremio period\u00edstico.<\/p>\n<p>6) \u00bfQu\u00e9 podemos aprender del profesor Mario Fulvio Espinosa, mediante toda su trayectoria como periodista?<\/p>\n<p>Son muchas cosas, me quedo con su honestidad a toda prueba, su humanismo y su perseverancia.<\/p>\n<p>7) Desde el punto de vista period\u00edstico, \u00bfcu\u00e1l es la funci\u00f3n, el valor y el sentido de la cr\u00f3nica period\u00edstica?<\/p>\n<p>Partimos que la cr\u00f3nica es una narraci\u00f3n que est\u00e1 basada en un hecho real, y que quien la escribe debi\u00f3 haber presenciado los hechos o realizar una exhaustiva investigaci\u00f3n sobre los mismos. La cr\u00f3nica informa al lector los hechos de una forma amena y ordenada, y lleva un componente muy importante, que es la apreciaci\u00f3n del redactor sobre los hechos. As\u00ed que uno de los valores period\u00edsticos es el rol del periodista en esa relator\u00eda del hecho observado.<\/p>\n<p>8) \u00bfQu\u00e9 requiere una buena cr\u00f3nica?<\/p>\n<p>Para poder realizar una buena cr\u00f3nica el periodista debe tener un conocimiento profundo de los hechos, que el acontecimiento sea de inter\u00e9s, y especialmente buena calidad narrativa, utilizaci\u00f3n de un lenguaje claro y sencillo, que sea entendible para todo tipo de lector. Y lo m\u00e1s importante que \u201catrape\u201d al lector, si al lector no le gusta, no es una buena cr\u00f3nica.<\/p>\n<p>9) \u00bfQu\u00e9 hace a un buen cronista?<\/p>\n<p>Pienso que la pr\u00e1ctica juega un componente muy importante para convertirte en un buen o buena cronista, as\u00ed como la capacidad de investigaci\u00f3n, la dedicaci\u00f3n y sensibilidad. Es muy importante que quien dese\u00e9 convertirse en un buen cronista, primero deber\u00e1 convertirse en un buen lector.<\/p>\n<p>10) La cr\u00f3nica es uno de los g\u00e9neros que m\u00e1s ha incursionado el profesor Fulvio, muestra de ellos fueron las cr\u00f3nicas period\u00edsticas publicadas en La Prensa, titulada \u201cCosas Veredes, Sancho Amigo\u201d, donde escribi\u00f3 historias de personajes populares: sus sentimientos, ilusiones, valores, mitos y cultura. \u00bfC\u00f3mo valora usted la b\u00fasqueda de esos personajes que muchas veces son olvidados en la agenda de los medios impresos?<\/p>\n<p>Indiscutiblemente el Profesor Mario Fulvio re\u00fane todas las caracter\u00edsticas de un buen cronista, ver m\u00e1s all\u00e1 de lo evidente, escudri\u00f1ar y poner la mirada en hechos y personajes que otros no lo hacen. En cada una de sus cr\u00f3nicas van expl\u00edcitos los valores y caracter\u00edsticas del Profesor Fulvio, el \u00e9xito que ha tenido a lo largo de su carrera period\u00edstica son precisamente su perseverancia, su responsabilidad, su sensibilidad y la pasi\u00f3n que le pone a su trabajo. A trav\u00e9s de sus cr\u00f3nicas hemos podido conocer a grandes personajes populares, con valores, con pasiones, con historias, y que a la simple vista no tienen relevancia.<\/p>\n<p>11) \u00bfPor qu\u00e9 ser\u00e1 que la cr\u00f3nica como g\u00e9nero period\u00edstico se ha venido perdiendo en los medios impresos?<\/p>\n<p>Yo creo que uno de los motivos es quiz\u00e1s la falta de inter\u00e9s, motivaci\u00f3n y perseverancia de los mismos periodistas, cuando existe pasi\u00f3n, el periodista lucha por ganarse un espacio, lo vemos con el ejemplo del profesor Mario Fulvio, tambi\u00e9n tenemos ejemplos de algunos periodistas j\u00f3venes como Matilde C\u00f3rdoba, Mario Guevara, Jos\u00e9 Ad\u00e1n Silva, Amalia Morales, entre otros.<\/p>\n<p>Otro motivo podr\u00eda ser la competencia y la inmediatez, que se ha acrecentado con el desarrollo de las tecnolog\u00edas de la informaci\u00f3n; no podemos dejar de lado que los medios de comunicaci\u00f3n son empresas y como tales, muchas veces le dan prioridad aquellos trabajos en los que no tengan que invertir ni mucho tiempo ni dinero. Pero insisto, lo principal es la pasi\u00f3n y el deseo que pueda tener un periodista, pues estoy segura que ning\u00fan editor rechazar\u00e1 una buena cr\u00f3nica.<\/p>\n<p>\u00a1Muchas Gracias!<\/p>\n","protected":false},"excerpt":{"rendered":"<p>Mar\u00eda Conchita Gonz\u00e1lez Con motivo del deceso del apreciado profesor y colega Mario Fulvio Espinoza, publicamos una entrevista que le hicieron en 2009 a la periodista Rosario Montenegro, a manera de semblanza sobre el comunicador y catedr\u00e1tico que hoy nos deja. Universidad Nacional Aut\u00f3noma de Nicaragua UNAN-Managua Facultad de Humanidades y Ciencias Jur\u00eddicas Tema de [&hellip;]<\/p>\n","protected":false},"author":1,"featured_media":46339,"comment_status":"open","ping_status":"open","sticky":false,"template":"","format":"standard","meta":{"om_disable_all_campaigns":false,"_monsterinsights_skip_tracking":false,"_monsterinsights_sitenote_active":false,"_monsterinsights_sitenote_note":"","_monsterinsights_sitenote_category":0,"footnotes":""},"categories":[3524,13],"tags":[],"class_list":["post-46338","post","type-post","status-publish","format-standard","has-post-thumbnail","hentry","category-noticas","category-portada"],"aioseo_notices":[],"_links":{"self":[{"href":"https:\/\/elcronistadigital.com\/index.php?rest_route=\/wp\/v2\/posts\/46338","targetHints":{"allow":["GET"]}}],"collection":[{"href":"https:\/\/elcronistadigital.com\/index.php?rest_route=\/wp\/v2\/posts"}],"about":[{"href":"https:\/\/elcronistadigital.com\/index.php?rest_route=\/wp\/v2\/types\/post"}],"author":[{"embeddable":true,"href":"https:\/\/elcronistadigital.com\/index.php?rest_route=\/wp\/v2\/users\/1"}],"replies":[{"embeddable":true,"href":"https:\/\/elcronistadigital.com\/index.php?rest_route=%2Fwp%2Fv2%2Fcomments&post=46338"}],"version-history":[{"count":1,"href":"https:\/\/elcronistadigital.com\/index.php?rest_route=\/wp\/v2\/posts\/46338\/revisions"}],"predecessor-version":[{"id":46340,"href":"https:\/\/elcronistadigital.com\/index.php?rest_route=\/wp\/v2\/posts\/46338\/revisions\/46340"}],"wp:featuredmedia":[{"embeddable":true,"href":"https:\/\/elcronistadigital.com\/index.php?rest_route=\/wp\/v2\/media\/46339"}],"wp:attachment":[{"href":"https:\/\/elcronistadigital.com\/index.php?rest_route=%2Fwp%2Fv2%2Fmedia&parent=46338"}],"wp:term":[{"taxonomy":"category","embeddable":true,"href":"https:\/\/elcronistadigital.com\/index.php?rest_route=%2Fwp%2Fv2%2Fcategories&post=46338"},{"taxonomy":"post_tag","embeddable":true,"href":"https:\/\/elcronistadigital.com\/index.php?rest_route=%2Fwp%2Fv2%2Ftags&post=46338"}],"curies":[{"name":"wp","href":"https:\/\/api.w.org\/{rel}","templated":true}]}}