{"id":46343,"date":"2017-04-15T10:05:24","date_gmt":"2017-04-15T16:05:24","guid":{"rendered":"http:\/\/elcronistadigital.com\/?p=46343"},"modified":"2017-04-15T10:05:24","modified_gmt":"2017-04-15T16:05:24","slug":"american-apparel-tendra-made-in-nicaragua","status":"publish","type":"post","link":"https:\/\/elcronistadigital.com\/?p=46343","title":{"rendered":"American Apparel tendr\u00e1 \u201cMade in Nicaragua\u201d"},"content":{"rendered":"<p><a href=\"https:\/\/elcronistadigital.com\/wp-content\/uploads\/2017\/04\/americanapparel.jpg\"><img loading=\"lazy\" decoding=\"async\" class=\"alignleft size-full wp-image-46344\" alt=\"americanapparel\" src=\"https:\/\/elcronistadigital.com\/wp-content\/uploads\/2017\/04\/americanapparel.jpg\" width=\"450\" height=\"270\" srcset=\"https:\/\/elcronistadigital.com\/wp-content\/uploads\/2017\/04\/americanapparel.jpg 450w, https:\/\/elcronistadigital.com\/wp-content\/uploads\/2017\/04\/americanapparel-300x180.jpg 300w, https:\/\/elcronistadigital.com\/wp-content\/uploads\/2017\/04\/americanapparel-342x205.jpg 342w\" sizes=\"auto, (max-width: 450px) 100vw, 450px\" \/><\/a>Obi Anyanwu<\/p>\n<p>American Apparel le dice adi\u00f3s al 100% \u2018Made in USA\u2019. La compa\u00f1\u00eda de moda que form\u00f3 su marca en base a la producci\u00f3n local, anunci\u00f3 que empezar\u00e1 a fabricar sus camisetas en Nicaragua y Honduras.<\/p>\n<p>Seg\u00fan el New York Post, American Apparel transferir\u00e1 la creaci\u00f3n de camisetas para su divisi\u00f3n mayorista a Nicaragua y Honduras. Los productos \u201cMade in Nicaragua\u201d y \u201cMade in Honduras\u201d comenzar\u00e1n a ser distribuidos en verano.<\/p>\n<p>La decisi\u00f3n fue tomada por el nuevo propietario de American Apparel, Gildan Activewear, para reducir los precios de los productos. A pesar del cambio de fabricantes, Gildan no ha decidido a\u00fan d\u00f3nde se fabricar\u00e1 la ropa para los minoristas.<\/p>\n<p>Gildan compr\u00f3 American Apparel en febrero despu\u00e9s de que la compa\u00f1\u00eda de Los \u00c1ngeles se declarara en bancarrota por segunda vez en noviembre. Despu\u00e9s de la adquisici\u00f3n de 103 millones de d\u00f3lares, el director ejecutivo de Gildan, Glenn Chamandy, dijo que los productos de American Apparel seguir\u00edan siendo, en parte, fabricados en Estados Unidos.<\/p>\n<p>\u201cVamos a evaluar varios factores, incluyendo las preferencias espec\u00edficas de la etiqueta \u2018Made in USA\u2019, mientras analizamos las oportunidades relacionadas con llevar esta marca a los consumidores en las pr\u00f3ximas semanas\u201d, dijo un portavoz de Gildan.<\/p>\n<p>American Apparel despidi\u00f3 a la mayor parte de su personal en enero y comenz\u00f3 a cerrar tiendas en pa\u00edses como Francia, Reino Unido y Alemania. La compa\u00f1\u00eda sigue funcionando con 72 establecimientos, pero estos ofrecen descuentos de hasta un 80%. Se cree que la mayor\u00eda de las tiendas cerrar\u00e1n en abril.<\/p>\n","protected":false},"excerpt":{"rendered":"<p>Obi Anyanwu American Apparel le dice adi\u00f3s al 100% \u2018Made in USA\u2019. La compa\u00f1\u00eda de moda que form\u00f3 su marca en base a la producci\u00f3n local, anunci\u00f3 que empezar\u00e1 a fabricar sus camisetas en Nicaragua y Honduras. Seg\u00fan el New York Post, American Apparel transferir\u00e1 la creaci\u00f3n de camisetas para su divisi\u00f3n mayorista a Nicaragua [&hellip;]<\/p>\n","protected":false},"author":1,"featured_media":46344,"comment_status":"open","ping_status":"open","sticky":false,"template":"","format":"standard","meta":{"om_disable_all_campaigns":false,"_monsterinsights_skip_tracking":false,"_monsterinsights_sitenote_active":false,"_monsterinsights_sitenote_note":"","_monsterinsights_sitenote_category":0,"footnotes":""},"categories":[4,3524,13],"tags":[],"class_list":["post-46343","post","type-post","status-publish","format-standard","has-post-thumbnail","hentry","category-economia","category-noticas","category-portada"],"aioseo_notices":[],"_links":{"self":[{"href":"https:\/\/elcronistadigital.com\/index.php?rest_route=\/wp\/v2\/posts\/46343","targetHints":{"allow":["GET"]}}],"collection":[{"href":"https:\/\/elcronistadigital.com\/index.php?rest_route=\/wp\/v2\/posts"}],"about":[{"href":"https:\/\/elcronistadigital.com\/index.php?rest_route=\/wp\/v2\/types\/post"}],"author":[{"embeddable":true,"href":"https:\/\/elcronistadigital.com\/index.php?rest_route=\/wp\/v2\/users\/1"}],"replies":[{"embeddable":true,"href":"https:\/\/elcronistadigital.com\/index.php?rest_route=%2Fwp%2Fv2%2Fcomments&post=46343"}],"version-history":[{"count":1,"href":"https:\/\/elcronistadigital.com\/index.php?rest_route=\/wp\/v2\/posts\/46343\/revisions"}],"predecessor-version":[{"id":46345,"href":"https:\/\/elcronistadigital.com\/index.php?rest_route=\/wp\/v2\/posts\/46343\/revisions\/46345"}],"wp:featuredmedia":[{"embeddable":true,"href":"https:\/\/elcronistadigital.com\/index.php?rest_route=\/wp\/v2\/media\/46344"}],"wp:attachment":[{"href":"https:\/\/elcronistadigital.com\/index.php?rest_route=%2Fwp%2Fv2%2Fmedia&parent=46343"}],"wp:term":[{"taxonomy":"category","embeddable":true,"href":"https:\/\/elcronistadigital.com\/index.php?rest_route=%2Fwp%2Fv2%2Fcategories&post=46343"},{"taxonomy":"post_tag","embeddable":true,"href":"https:\/\/elcronistadigital.com\/index.php?rest_route=%2Fwp%2Fv2%2Ftags&post=46343"}],"curies":[{"name":"wp","href":"https:\/\/api.w.org\/{rel}","templated":true}]}}