{"id":46346,"date":"2017-04-15T10:21:31","date_gmt":"2017-04-15T16:21:31","guid":{"rendered":"http:\/\/elcronistadigital.com\/?p=46346"},"modified":"2017-04-15T10:21:31","modified_gmt":"2017-04-15T16:21:31","slug":"nicaragua-cana-de-azucar-para-mas-energia-limpia","status":"publish","type":"post","link":"https:\/\/elcronistadigital.com\/?p=46346","title":{"rendered":"Nicaragua: ca\u00f1a de az\u00facar para m\u00e1s energ\u00eda limpia"},"content":{"rendered":"<p><span style=\"color: #993300;\"><em><strong><a href=\"https:\/\/elcronistadigital.com\/wp-content\/uploads\/2017\/04\/ca\u00f1aazucar.jpg\"><img loading=\"lazy\" decoding=\"async\" class=\"alignleft size-full wp-image-46347\" alt=\"ca\u00f1aazucar\" src=\"https:\/\/elcronistadigital.com\/wp-content\/uploads\/2017\/04\/ca\u00f1aazucar.jpg\" width=\"450\" height=\"242\" srcset=\"https:\/\/elcronistadigital.com\/wp-content\/uploads\/2017\/04\/ca\u00f1aazucar.jpg 450w, https:\/\/elcronistadigital.com\/wp-content\/uploads\/2017\/04\/ca\u00f1aazucar-300x161.jpg 300w, https:\/\/elcronistadigital.com\/wp-content\/uploads\/2017\/04\/ca\u00f1aazucar-342x183.jpg 342w\" sizes=\"auto, (max-width: 450px) 100vw, 450px\" \/><\/a>* 2017 arranca con buenas noticias para Nicaragua. Luego de haber invertido casi 300 millones de d\u00f3lares en el sector azucarero en 2016, el pa\u00eds est\u00e1 listo para generar m\u00e1s energ\u00eda limpia.<\/strong><\/em><\/span><\/p>\n<p>El Presidente de la Comisi\u00f3n Nacional de Productores de Az\u00facar de Nicaragua (CNPA), Mario Amador, anunci\u00f3 que este a\u00f1o la generaci\u00f3n de energ\u00eda a partir de bagazo de ca\u00f1a de az\u00facar podr\u00eda superar los 120 MWH.<\/p>\n<p>Datos de Energ\u00eda Limpia XXI se\u00f1alan que la cosecha azucarera este a\u00f1o ser\u00e1 de m\u00e1s de 7.5 millones de toneladas, generando 300 mil toneladas de bagazo.<\/p>\n<p>\u201cLos ingenios Monte Rosa, San Antonio y Benjam\u00edn Zeled\u00f3n est\u00e1n generando energ\u00eda renovable a partir del bagazo de ca\u00f1a, aumentando sus ingresos y contribuyendo a la reducci\u00f3n de la contaminaci\u00f3n ambiental\u201d, manifest\u00f3 Amador.<\/p>\n<p>Agreg\u00f3 que el sector ha generado m\u00e1s de 35 mil empleos directos y este a\u00f1o tiene previsto alcanzar una producci\u00f3n r\u00e9cord de 16.1 millones de quintales de az\u00facar. \u201cLa producci\u00f3n podr\u00eda sobrepasar un crecimiento de 13%, beneficiando a miles de familias nicarag\u00fcenses que trabajan en el sector\u201d, se\u00f1al\u00f3 Amador.<\/p>\n<p>2017 arranca con buenas noticias para Nicaragua luego de haber invertido casi 300 millones de d\u00f3lares en el sector azucarero en 2016, el pa\u00eds est\u00e1 listo para generar m\u00e1s energ\u00eda limpia.<\/p>\n<p>Fuente: Energ\u00eda limpia.<\/p>\n","protected":false},"excerpt":{"rendered":"<p>* 2017 arranca con buenas noticias para Nicaragua. Luego de haber invertido casi 300 millones de d\u00f3lares en el sector azucarero en 2016, el pa\u00eds est\u00e1 listo para generar m\u00e1s energ\u00eda limpia. El Presidente de la Comisi\u00f3n Nacional de Productores de Az\u00facar de Nicaragua (CNPA), Mario Amador, anunci\u00f3 que este a\u00f1o la generaci\u00f3n de energ\u00eda [&hellip;]<\/p>\n","protected":false},"author":1,"featured_media":46347,"comment_status":"open","ping_status":"open","sticky":false,"template":"","format":"standard","meta":{"om_disable_all_campaigns":false,"_monsterinsights_skip_tracking":false,"_monsterinsights_sitenote_active":false,"_monsterinsights_sitenote_note":"","_monsterinsights_sitenote_category":0,"footnotes":""},"categories":[4,3524,13],"tags":[],"class_list":["post-46346","post","type-post","status-publish","format-standard","has-post-thumbnail","hentry","category-economia","category-noticas","category-portada"],"aioseo_notices":[],"_links":{"self":[{"href":"https:\/\/elcronistadigital.com\/index.php?rest_route=\/wp\/v2\/posts\/46346","targetHints":{"allow":["GET"]}}],"collection":[{"href":"https:\/\/elcronistadigital.com\/index.php?rest_route=\/wp\/v2\/posts"}],"about":[{"href":"https:\/\/elcronistadigital.com\/index.php?rest_route=\/wp\/v2\/types\/post"}],"author":[{"embeddable":true,"href":"https:\/\/elcronistadigital.com\/index.php?rest_route=\/wp\/v2\/users\/1"}],"replies":[{"embeddable":true,"href":"https:\/\/elcronistadigital.com\/index.php?rest_route=%2Fwp%2Fv2%2Fcomments&post=46346"}],"version-history":[{"count":1,"href":"https:\/\/elcronistadigital.com\/index.php?rest_route=\/wp\/v2\/posts\/46346\/revisions"}],"predecessor-version":[{"id":46348,"href":"https:\/\/elcronistadigital.com\/index.php?rest_route=\/wp\/v2\/posts\/46346\/revisions\/46348"}],"wp:featuredmedia":[{"embeddable":true,"href":"https:\/\/elcronistadigital.com\/index.php?rest_route=\/wp\/v2\/media\/46347"}],"wp:attachment":[{"href":"https:\/\/elcronistadigital.com\/index.php?rest_route=%2Fwp%2Fv2%2Fmedia&parent=46346"}],"wp:term":[{"taxonomy":"category","embeddable":true,"href":"https:\/\/elcronistadigital.com\/index.php?rest_route=%2Fwp%2Fv2%2Fcategories&post=46346"},{"taxonomy":"post_tag","embeddable":true,"href":"https:\/\/elcronistadigital.com\/index.php?rest_route=%2Fwp%2Fv2%2Ftags&post=46346"}],"curies":[{"name":"wp","href":"https:\/\/api.w.org\/{rel}","templated":true}]}}