{"id":46349,"date":"2017-04-15T10:37:45","date_gmt":"2017-04-15T16:37:45","guid":{"rendered":"http:\/\/elcronistadigital.com\/?p=46349"},"modified":"2017-04-15T10:37:45","modified_gmt":"2017-04-15T16:37:45","slug":"empieza-retorno-de-nicas-a-costa-rica","status":"publish","type":"post","link":"https:\/\/elcronistadigital.com\/?p=46349","title":{"rendered":"Empieza retorno de nicas a Costa Rica"},"content":{"rendered":"<p><a href=\"https:\/\/elcronistadigital.com\/wp-content\/uploads\/2017\/04\/transnica.jpg\"><img loading=\"lazy\" decoding=\"async\" class=\"alignleft size-full wp-image-46350\" alt=\"transnica\" src=\"https:\/\/elcronistadigital.com\/wp-content\/uploads\/2017\/04\/transnica.jpg\" width=\"450\" height=\"300\" srcset=\"https:\/\/elcronistadigital.com\/wp-content\/uploads\/2017\/04\/transnica.jpg 450w, https:\/\/elcronistadigital.com\/wp-content\/uploads\/2017\/04\/transnica-300x200.jpg 300w, https:\/\/elcronistadigital.com\/wp-content\/uploads\/2017\/04\/transnica-342x228.jpg 342w\" sizes=\"auto, (max-width: 450px) 100vw, 450px\" \/><\/a>Buseros de Transnica y Tica Bus reforzar\u00e1n sus unidades de transporte para enfrentar el retorno de miles de nicarag\u00fcenses que laboran o habitan en Costa Rica, tras la inminencia del fin de las vacaciones de Semana Santa.<\/p>\n<p>Seg\u00fan explicaron en Transnica y Tica Bus, en esta \u00e9poca del a\u00f1o es necesario reforzar los servicios, pues en el Domingo de Ramos y d\u00edas anteriores muchos viajan hacia Nicaragua, mientras que S\u00e1bado Santo, Domingo de Resurrecci\u00f3n e inicios de la siguiente semana son d\u00edas en que el tr\u00e1fico se intensifica hacia el sur.<\/p>\n<p>En Transnica informaron que esperan enviar unos 15 buses al d\u00eda desde Nicaragua hasta Costa Rica durante el fin de semana, dependiendo de la cantidad de usuarios que requieran realizar el recorrido.<\/p>\n<p>Explicaron que estos d\u00edas se labora 24 horas al d\u00eda y que cuentan con unas 25 unidades para dar abasto a la demanda.<\/p>\n<p>En Tica Bus confirmaron que tambi\u00e9n esperan un pico en los viajes en los \u00faltimos dos d\u00edas de la Semana Mayor.<\/p>\n<p>Ellos calculan que saldr\u00e1 un bus con destino a San Jos\u00e9 cada 45 minutos, para unos nueve viajes diarios, cada uno con 54 espacios.<\/p>\n<p>Ambas empresas esperan traer el remanente de viajeros a Costa Rica en los primeros d\u00edas de la pr\u00f3xima semana.<\/p>\n","protected":false},"excerpt":{"rendered":"<p>Buseros de Transnica y Tica Bus reforzar\u00e1n sus unidades de transporte para enfrentar el retorno de miles de nicarag\u00fcenses que laboran o habitan en Costa Rica, tras la inminencia del fin de las vacaciones de Semana Santa. Seg\u00fan explicaron en Transnica y Tica Bus, en esta \u00e9poca del a\u00f1o es necesario reforzar los servicios, pues [&hellip;]<\/p>\n","protected":false},"author":1,"featured_media":46350,"comment_status":"open","ping_status":"open","sticky":false,"template":"","format":"standard","meta":{"om_disable_all_campaigns":false,"_monsterinsights_skip_tracking":false,"_monsterinsights_sitenote_active":false,"_monsterinsights_sitenote_note":"","_monsterinsights_sitenote_category":0,"footnotes":""},"categories":[3,16,3524],"tags":[],"class_list":["post-46349","post","type-post","status-publish","format-standard","has-post-thumbnail","hentry","category-nacionales","category-migrante","category-noticas"],"aioseo_notices":[],"_links":{"self":[{"href":"https:\/\/elcronistadigital.com\/index.php?rest_route=\/wp\/v2\/posts\/46349","targetHints":{"allow":["GET"]}}],"collection":[{"href":"https:\/\/elcronistadigital.com\/index.php?rest_route=\/wp\/v2\/posts"}],"about":[{"href":"https:\/\/elcronistadigital.com\/index.php?rest_route=\/wp\/v2\/types\/post"}],"author":[{"embeddable":true,"href":"https:\/\/elcronistadigital.com\/index.php?rest_route=\/wp\/v2\/users\/1"}],"replies":[{"embeddable":true,"href":"https:\/\/elcronistadigital.com\/index.php?rest_route=%2Fwp%2Fv2%2Fcomments&post=46349"}],"version-history":[{"count":1,"href":"https:\/\/elcronistadigital.com\/index.php?rest_route=\/wp\/v2\/posts\/46349\/revisions"}],"predecessor-version":[{"id":46351,"href":"https:\/\/elcronistadigital.com\/index.php?rest_route=\/wp\/v2\/posts\/46349\/revisions\/46351"}],"wp:featuredmedia":[{"embeddable":true,"href":"https:\/\/elcronistadigital.com\/index.php?rest_route=\/wp\/v2\/media\/46350"}],"wp:attachment":[{"href":"https:\/\/elcronistadigital.com\/index.php?rest_route=%2Fwp%2Fv2%2Fmedia&parent=46349"}],"wp:term":[{"taxonomy":"category","embeddable":true,"href":"https:\/\/elcronistadigital.com\/index.php?rest_route=%2Fwp%2Fv2%2Fcategories&post=46349"},{"taxonomy":"post_tag","embeddable":true,"href":"https:\/\/elcronistadigital.com\/index.php?rest_route=%2Fwp%2Fv2%2Ftags&post=46349"}],"curies":[{"name":"wp","href":"https:\/\/api.w.org\/{rel}","templated":true}]}}