{"id":464,"date":"2011-01-25T22:40:03","date_gmt":"2011-01-25T22:40:03","guid":{"rendered":"http:\/\/elcronistadigital.com\/?p=464"},"modified":"2011-06-01T22:41:25","modified_gmt":"2011-06-01T22:41:25","slug":"agua-potable-para-comunidades-de-raan-y-raas","status":"publish","type":"post","link":"https:\/\/elcronistadigital.com\/?p=464","title":{"rendered":"Agua potable para comunidades de RAAN y RAAS"},"content":{"rendered":"<p><span>\u00a0<\/span><\/p>\n<p style=\"text-align: justify;\"><a href=\"https:\/\/elcronistadigital.com\/wp-content\/uploads\/2011\/06\/Proyecto-espa\u00c3\u00b1ol1.jpg\"><img loading=\"lazy\" decoding=\"async\" class=\"size-full wp-image-466\" title=\"Proyecto-espa\u00c3\u00b1ol\" src=\"https:\/\/elcronistadigital.com\/wp-content\/uploads\/2011\/06\/Proyecto-espa\u00c3\u00b1ol1.jpg\" alt=\"\" width=\"300\" height=\"225\" \/><\/a>En la comunidad de Set Net Point, ubicada en el municipio de Laguna de Perlas en la Regi\u00f3n Aut\u00f3noma del Atl\u00e1ntico Sur (RAAS), el pasado 20 de enero tuvo lugar el lanzamiento del Programa Conjunto del Sector Agua Potable y Saneamiento para las Regiones Aut\u00f3nomas del Atl\u00e1ntico Norte y Sur (RAAN Y RAAS).<\/p>\n<p style=\"text-align: justify;\">En dicha actividad participaron la gobernadora de la RAAS, Yadira Flores; el alcalde de Laguna de Perlas, Robert Cutbert; Mara Rivas, coordinadora Regional del Atl\u00e1ntico Norte; Carlos Alem\u00e1n, gobernador de la RAAN; el coordinador general de la Agencia Espa\u00f1ola de Cooperaci\u00f3n Internacional para el Desarrollo\/AECID , Jos\u00e9 Manuel Mariscal Arroyo; el coordinador residente del Sistema de Naciones Unidas, Pablo Mandeville; Johnnie Hodgson, en representaci\u00f3n del Gobierno Central, funcionarios de AECID y Agencias del Sistema de Naciones Unidas, juntos con pobladores beneficiados.<\/p>\n<p style=\"text-align: justify;\">Este programa inici\u00f3 hace casi dos a\u00f1os en ocho municipios de la Costa Caribe de Nicaragua como son: Waspam, Rosita, Prinzapolka y Bonanza en la RAAN; y La Desembocadura, Laguna de Perlas, la Cruz de R\u00edo Grande y el Tortuguero en la RAAS; se ha beneficiado a 8 mil 468 familias con agua de consumo humano y a 52 familias con saneamiento, adem\u00e1s se ha formado a peque\u00f1os alba\u00f1iles, se han fortalecido las capacidades de las Alcald\u00edas, de los Gobiernos Territoriales y Regionales.<\/p>\n<p style=\"text-align: justify;\">El que los habitantes de Set Net Point y otras comunidades beneficiarias tengan agua para el consumo humano, es gracias al esfuerzo de los Gobiernos Regionales, locales, territoriales, autoridades e instituciones del Gobierno Central y el Sistema de Naciones Unidas, cuya agencia l\u00edder del programa es UNICEF.<\/p>\n<p style=\"text-align: justify;\">El Gobierno de Espa\u00f1a ha destinado 7.693.737.46 d\u00f3lares para el mismo. Cabe se\u00f1alar que fueron los propios comunitarios quienes definieron que su prioridad era el agua potable y el saneamiento con enfoque participativo y empoderamiento, lo que dicho sea de paso har\u00e1 sostenible dicho programa.<\/p>\n<p style=\"text-align: justify;\">Gertrudis Hodgson, comunitaria de Set Net Point, agradeci\u00f3 el programa de agua y saneamiento y expres\u00f3 que el mismo ha dado salud en general y que es importante que se les haya tomado en cuenta como comunidad con ese vital l\u00edquido: \u00abNos sentimos agradecidos por el hermanamiento que tenemos con Espa\u00f1a, porque los espa\u00f1oles nos est\u00e1n apoyando mucho en todo, porque tambi\u00e9n para nosotros es vital el proceso de demarcaci\u00f3n que estamos llevando en la Cuenca de la Laguna de Perlas\u00bb. Esto en referencia al apoyo de la Cooperaci\u00f3n Catalana para estos fines,<\/p>\n<p style=\"text-align: justify;\">Por su parte, el coordinador general de la AECID en Nicaragua, Jos\u00e9 Manuel Mariscal, manifest\u00f3 que esta iniciativa inici\u00f3 en el momento en que los pobladores consideraron que esto era lo que deseaban para facilitar algo tan elemental como es el acceso del agua potable a ni\u00f1os, j\u00f3venes y adultos.<\/p>\n<p style=\"text-align: justify;\">\u00abComo representante de la Cooperaci\u00f3n Espa\u00f1ola queremos expresar nuestra gran satisfacci\u00f3n por haber tenido el acierto de haber decidido esta apuesta por el programa del logro del cumplimiento de los Objetivos de Desarrollo del Milenio como socios del Sistema de Naciones Unidas, estos programas nacen de la necesidad de los nicarag\u00fcenses y son ustedes finalmente los que ponen el empe\u00f1o por sacarlos adelante\u00bb.<\/p>\n<p style=\"text-align: justify;\">\u00abEste es uno de los ODM que son las necesidades b\u00e1sicas que se han identificado para que haya desarrollo, para que se acabe con la pobreza y la pobreza extrema y para que ese desarrollo sea sostenible; es decir que no se haga algo que desaparezca despu\u00e9s, que se pueda mantener, que se proteja el medioambiente y que lo puedan transmitir a las generaciones futuras, eso implica el desarrollo sostenible\u00bb, indic\u00f3 el coordinador residente del SNU, Pablo Mandeville.<\/p>\n<p style=\"text-align: justify;\">Antes de contar con agua en sus comunidades, los habitantes de Set Net Point ten\u00edan que ir en lancha a un riachuelo cercano para poder obtener un poco del vital l\u00edquido y llevarlo a sus casas, seg\u00fan inform\u00f3 el propio alcalde de Laguna de Perlas. La sostenibilidad de este programa a largo plazo es una de las metas que se est\u00e1n trazando las autoridades regionales, locales y comunales: \u00abQue las comunidades se apropien para el manejo del agua, yo creo que en la medida que podamos garantizar eso como elemento fundamental, podemos ser uno de los principales ejemplos cuando termine el programa el pr\u00f3ximo a\u00f1o\u00bb, refiri\u00f3 el gobernador de la RAAN, Carlos Alem\u00e1n.<\/p>\n<p style=\"text-align: justify;\">Entre los principales logros de el Programa Conjunto de Gobernabilidad Econ\u00f3mica en el Sector Agua y Saneamiento, destacan la definici\u00f3n de roles y competencias as\u00ed como el acercamiento de los gobiernos regionales con el gobierno central, la institucionalidad auton\u00f3mica, el fortalecimiento de las Secretar\u00edas de salud en el Atl\u00e1ntico Norte y Sur en su capacidad de gestionar el sector agua, y la conformaci\u00f3n del grupo de cooperantes para la Costa Caribe.<\/p>\n<p style=\"text-align: justify;\">En el pa\u00eds, el Sistema de Naciones Unidas ejecuta, adem\u00e1s de \u00e9ste, otros cinco programas conjuntos con el apoyo del Gobierno de Espa\u00f1a, por un monto de aproximadamente 40 millones de d\u00f3lares.<\/p>\n<p style=\"text-align: justify;\"><span>\u00a0<\/span><\/p>\n","protected":false},"excerpt":{"rendered":"<p>\u00a0 En la comunidad de Set Net Point, ubicada en el municipio de Laguna de Perlas en la Regi\u00f3n Aut\u00f3noma del Atl\u00e1ntico Sur (RAAS), el pasado 20 de enero tuvo lugar el lanzamiento del Programa Conjunto del Sector Agua Potable y Saneamiento para las Regiones Aut\u00f3nomas del Atl\u00e1ntico Norte y Sur (RAAN Y RAAS). En [&hellip;]<\/p>\n","protected":false},"author":1,"featured_media":466,"comment_status":"open","ping_status":"open","sticky":false,"template":"","format":"standard","meta":{"om_disable_all_campaigns":false,"_monsterinsights_skip_tracking":false,"_monsterinsights_sitenote_active":false,"_monsterinsights_sitenote_note":"","_monsterinsights_sitenote_category":0,"footnotes":""},"categories":[3],"tags":[],"class_list":["post-464","post","type-post","status-publish","format-standard","has-post-thumbnail","hentry","category-nacionales"],"aioseo_notices":[],"_links":{"self":[{"href":"https:\/\/elcronistadigital.com\/index.php?rest_route=\/wp\/v2\/posts\/464","targetHints":{"allow":["GET"]}}],"collection":[{"href":"https:\/\/elcronistadigital.com\/index.php?rest_route=\/wp\/v2\/posts"}],"about":[{"href":"https:\/\/elcronistadigital.com\/index.php?rest_route=\/wp\/v2\/types\/post"}],"author":[{"embeddable":true,"href":"https:\/\/elcronistadigital.com\/index.php?rest_route=\/wp\/v2\/users\/1"}],"replies":[{"embeddable":true,"href":"https:\/\/elcronistadigital.com\/index.php?rest_route=%2Fwp%2Fv2%2Fcomments&post=464"}],"version-history":[{"count":4,"href":"https:\/\/elcronistadigital.com\/index.php?rest_route=\/wp\/v2\/posts\/464\/revisions"}],"predecessor-version":[{"id":469,"href":"https:\/\/elcronistadigital.com\/index.php?rest_route=\/wp\/v2\/posts\/464\/revisions\/469"}],"wp:featuredmedia":[{"embeddable":true,"href":"https:\/\/elcronistadigital.com\/index.php?rest_route=\/wp\/v2\/media\/466"}],"wp:attachment":[{"href":"https:\/\/elcronistadigital.com\/index.php?rest_route=%2Fwp%2Fv2%2Fmedia&parent=464"}],"wp:term":[{"taxonomy":"category","embeddable":true,"href":"https:\/\/elcronistadigital.com\/index.php?rest_route=%2Fwp%2Fv2%2Fcategories&post=464"},{"taxonomy":"post_tag","embeddable":true,"href":"https:\/\/elcronistadigital.com\/index.php?rest_route=%2Fwp%2Fv2%2Ftags&post=464"}],"curies":[{"name":"wp","href":"https:\/\/api.w.org\/{rel}","templated":true}]}}