{"id":46404,"date":"2017-04-25T10:33:18","date_gmt":"2017-04-25T16:33:18","guid":{"rendered":"http:\/\/elcronistadigital.com\/?p=46404"},"modified":"2017-04-25T10:33:18","modified_gmt":"2017-04-25T16:33:18","slug":"cita-sobre-discapacidades-de-ecuador-el-salvador-y-nicaragua","status":"publish","type":"post","link":"https:\/\/elcronistadigital.com\/?p=46404","title":{"rendered":"Cita sobre discapacidades de Ecuador, El Salvador y Nicaragua"},"content":{"rendered":"<p><a href=\"https:\/\/elcronistadigital.com\/wp-content\/uploads\/2017\/04\/discapacidad.jpg\"><img loading=\"lazy\" decoding=\"async\" class=\"alignleft size-full wp-image-46405\" alt=\"discapacidad\" src=\"https:\/\/elcronistadigital.com\/wp-content\/uploads\/2017\/04\/discapacidad.jpg\" width=\"450\" height=\"235\" srcset=\"https:\/\/elcronistadigital.com\/wp-content\/uploads\/2017\/04\/discapacidad.jpg 450w, https:\/\/elcronistadigital.com\/wp-content\/uploads\/2017\/04\/discapacidad-300x156.jpg 300w, https:\/\/elcronistadigital.com\/wp-content\/uploads\/2017\/04\/discapacidad-342x178.jpg 342w\" sizes=\"auto, (max-width: 450px) 100vw, 450px\" \/><\/a>Quito.- Funcionarios de Ecuador, El Salvador y Nicaragua realizan este martes la segunda jornada del evento \u00bbIntercambio de Experiencias sobre Pol\u00edticas P\u00fablicas de Discapacidades\u00bb, para reforzar programas destinados a ese sector de la sociedad.<\/p>\n<p>El encuentro de tres d\u00edas tiene lugar en esta capital bajo la organizaci\u00f3n del Consejo Nacional de Discapacidades (Conadis).<\/p>\n<p>La jornada inicial cont\u00f3 con la participaci\u00f3n de Roc\u00edo Gonz\u00e1lez, esposa del presidente electo Len\u00edn Moreno, e impulsora de la Brigada Las Manuelas, que recorre el pa\u00eds para dar atenci\u00f3n a las personas con discapacidad, mediante ayuda t\u00e9cnicas y asistencia econ\u00f3mica.<\/p>\n<p>Los temas de la sesi\u00f3n inaugural estuvieron relacionados con las pol\u00edticas laborales, inclusi\u00f3n econ\u00f3mica, social y educativa y la Misi\u00f3n Manuela Espejo, potenciada en Ecuador para localizar, diagnosticar y atender a ese grupo vulnerable.<\/p>\n<p>Durante el encuentro fueron evaluados esos programas y su posible aplicaci\u00f3n en los pa\u00edses asistentes al foro.<\/p>\n<p>Los fondos destinados a ese segmento de la sociedad pasaron de 900 mil d\u00f3lares en 2007 a 280 millones de d\u00f3lares durante los 10 a\u00f1os de la revoluci\u00f3n ciudadana.<\/p>\n<p>A juicio del representante del Ministerio de Salud de Nicaragua, Joaqu\u00edn Escoto, este tipo de citas es relevante porque permite tocar temas que van desde la inclusi\u00f3n laboral a la atenci\u00f3n m\u00e9dica, en espacios recreativos y de cultura.<\/p>\n<p>La cita, que se perfila tambi\u00e9n como un espacio de trabajo t\u00e9cnico entre los funcionarios, comprende la visita de los participantes a los centros de Ortopedia y de Atenci\u00f3n Especializada de Pr\u00f3tesis.<\/p>\n<p>Para ma\u00f1ana, \u00faltima d\u00eda del evento, se prev\u00e9 una reuni\u00f3n con representantes del Ministerio de Inclusi\u00f3n Econ\u00f3mica y Social.<\/p>\n","protected":false},"excerpt":{"rendered":"<p>Quito.- Funcionarios de Ecuador, El Salvador y Nicaragua realizan este martes la segunda jornada del evento \u00bbIntercambio de Experiencias sobre Pol\u00edticas P\u00fablicas de Discapacidades\u00bb, para reforzar programas destinados a ese sector de la sociedad. El encuentro de tres d\u00edas tiene lugar en esta capital bajo la organizaci\u00f3n del Consejo Nacional de Discapacidades (Conadis). La jornada [&hellip;]<\/p>\n","protected":false},"author":1,"featured_media":46405,"comment_status":"open","ping_status":"open","sticky":false,"template":"","format":"standard","meta":{"om_disable_all_campaigns":false,"_monsterinsights_skip_tracking":false,"_monsterinsights_sitenote_active":false,"_monsterinsights_sitenote_note":"","_monsterinsights_sitenote_category":0,"footnotes":""},"categories":[7,3524],"tags":[],"class_list":["post-46404","post","type-post","status-publish","format-standard","has-post-thumbnail","hentry","category-salud-y-belleza","category-noticas"],"aioseo_notices":[],"_links":{"self":[{"href":"https:\/\/elcronistadigital.com\/index.php?rest_route=\/wp\/v2\/posts\/46404","targetHints":{"allow":["GET"]}}],"collection":[{"href":"https:\/\/elcronistadigital.com\/index.php?rest_route=\/wp\/v2\/posts"}],"about":[{"href":"https:\/\/elcronistadigital.com\/index.php?rest_route=\/wp\/v2\/types\/post"}],"author":[{"embeddable":true,"href":"https:\/\/elcronistadigital.com\/index.php?rest_route=\/wp\/v2\/users\/1"}],"replies":[{"embeddable":true,"href":"https:\/\/elcronistadigital.com\/index.php?rest_route=%2Fwp%2Fv2%2Fcomments&post=46404"}],"version-history":[{"count":1,"href":"https:\/\/elcronistadigital.com\/index.php?rest_route=\/wp\/v2\/posts\/46404\/revisions"}],"predecessor-version":[{"id":46406,"href":"https:\/\/elcronistadigital.com\/index.php?rest_route=\/wp\/v2\/posts\/46404\/revisions\/46406"}],"wp:featuredmedia":[{"embeddable":true,"href":"https:\/\/elcronistadigital.com\/index.php?rest_route=\/wp\/v2\/media\/46405"}],"wp:attachment":[{"href":"https:\/\/elcronistadigital.com\/index.php?rest_route=%2Fwp%2Fv2%2Fmedia&parent=46404"}],"wp:term":[{"taxonomy":"category","embeddable":true,"href":"https:\/\/elcronistadigital.com\/index.php?rest_route=%2Fwp%2Fv2%2Fcategories&post=46404"},{"taxonomy":"post_tag","embeddable":true,"href":"https:\/\/elcronistadigital.com\/index.php?rest_route=%2Fwp%2Fv2%2Ftags&post=46404"}],"curies":[{"name":"wp","href":"https:\/\/api.w.org\/{rel}","templated":true}]}}