{"id":46417,"date":"2017-04-27T05:46:09","date_gmt":"2017-04-27T11:46:09","guid":{"rendered":"http:\/\/elcronistadigital.com\/?p=46417"},"modified":"2017-04-27T05:46:09","modified_gmt":"2017-04-27T11:46:09","slug":"save-the-children-en-nicaragua-hasta-el-ultimo-nino-y-nina","status":"publish","type":"post","link":"https:\/\/elcronistadigital.com\/?p=46417","title":{"rendered":"Save the Children en Nicaragua: \u201chasta el \u00faltimo ni\u00f1o y ni\u00f1a\u201d"},"content":{"rendered":"<p><a href=\"https:\/\/elcronistadigital.com\/wp-content\/uploads\/2017\/04\/ni\u00f1a.jpg\"><img loading=\"lazy\" decoding=\"async\" class=\"alignleft size-full wp-image-46418\" alt=\"ni\u00f1a\" src=\"https:\/\/elcronistadigital.com\/wp-content\/uploads\/2017\/04\/ni\u00f1a.jpg\" width=\"450\" height=\"419\" srcset=\"https:\/\/elcronistadigital.com\/wp-content\/uploads\/2017\/04\/ni\u00f1a.jpg 450w, https:\/\/elcronistadigital.com\/wp-content\/uploads\/2017\/04\/ni\u00f1a-300x279.jpg 300w, https:\/\/elcronistadigital.com\/wp-content\/uploads\/2017\/04\/ni\u00f1a-342x318.jpg 342w\" sizes=\"auto, (max-width: 450px) 100vw, 450px\" \/><\/a>La organizaci\u00f3n internacional Save the Children celebr\u00f3 el 26 de abril el primer aniversario de la iniciativa global \u201cHasta el \u00faltimo ni\u00f1o y ni\u00f1a\u201d, lanzada en m\u00e1s de 80 pa\u00edses desde el a\u00f1o 2016 con el prop\u00f3sito de impulsar acciones para superar la discriminaci\u00f3n, la pobreza y fortalecer la voz de la ni\u00f1ez y adolescencia, lograr que ni\u00f1as, ni\u00f1os y adolescentes no mueran por causa prevenibles, aprendan y est\u00e9n protegidos frente a la violencia.<\/p>\n<p>Esta iniciativa es, en el caso de Nicaragua, en conjunto con ni\u00f1as, ni\u00f1os y adolescentes.<\/p>\n<p>\u00abLa actitud de la sociedad en general debe cambiar; si esto no ocurre, las ni\u00f1as y los ni\u00f1os m\u00e1s excluidos en el mundo no tendr\u00e1n acceso a la atenci\u00f3n en salud, la alimentaci\u00f3n, la educaci\u00f3n y la protecci\u00f3n que necesitan y merecen. Asimismo, no lograremos alcanzar los Objetivos de Desarrollo Sostenible acordados en la Agenda de las Naciones Unidas, para &#8216;no dejar a nadie atr\u00e1s&#8217; para el a\u00f1o 2030\u201d, indic\u00f3 Argentina Mart\u00ednez, Directora de Pa\u00eds de Save the Children en Nicaragua.<\/p>\n<p>\u201cHasta el \u00faltimo ni\u00f1o y ni\u00f1a\u201d busca sumar esfuerzos para que se garantice la eliminaci\u00f3n de las barreras que evitan que las ni\u00f1as y ni\u00f1os reciban servicios esenciales de calidad, modificar leyes y comportamientos que impiden a la ni\u00f1ez y adolescencia sobrevivir y prosperar, y garantizar que las ni\u00f1as, ni\u00f1os, adolescentes y sus comunidades sean reconocidas y tomadas en cuenta para tomar decisiones sobre los temas que les afectan.<\/p>\n<p>\u201cChavalas y chavalos hemos hecho diferentes actividades como ligas deportivas, charlas, cine foros, un sinn\u00famero de cosas, aunque no tengamos recursos podemos hacer la diferencia. Todo se puede. Las ni\u00f1as y ni\u00f1os tenemos derechos y debemos ser tomados en cuenta porque somos el presente y el futuro de Nicaragua\u201d, dijo Ruth Acevedo, de 15 a\u00f1os.<\/p>\n<p>Ruth es vocera de las 57 ni\u00f1as, ni\u00f1os y adolescentes l\u00edderes, de entre 9 y 18 a\u00f1os de edad (7 con discapacidad y de hasta 24 a\u00f1os) que conformaron en 2016 dos grupos consultivos y movilizadores que promovieron \u201cHasta el \u00faltimo ni\u00f1o y ni\u00f1a\u201d a nivel local en los municipios de Granada, Ciudad Sandino, Managua, El Cu\u00e1 en Jinotega, y Rancho Grande y La Dalia en Matagalpa.<\/p>\n<p>Estas chavalas y chavalos idearon y ejecutaron sus propios planes de acci\u00f3n a nivel local, con los que promovieron los derechos de la ni\u00f1ez, el conocimiento sobre qu\u00e9 es la exclusi\u00f3n, realizaron prevenci\u00f3n de violencia y promovieron el conocimiento de la Agenda 2030 de Desarrollo Sostenible, entre otros temas.<\/p>\n<p>Estas ni\u00f1as, ni\u00f1os y adolescentes lograron la participaci\u00f3n de 13,044 personas, 665 de ellas de manera directa: 368 ni\u00f1as (202) y ni\u00f1os (166), 211 adolescentes (111 mujeres, 100 hombres), 93 personas adultas (58 mujeres, 35 hombres); y 24 con discapacidad (11 mujeres, 13 hombres). 12,376 personas fueron potencialmente alcanzadas con la transmisi\u00f3n local de vi\u00f1etas radiales sobre la campa\u00f1a. Adem\u00e1s alcanzaron al menos a 36,000 personas m\u00e1s con los spots que realizaron en talleres de producci\u00f3n audiovisual, tras su pauta en cines de Managua y Le\u00f3n.<\/p>\n<p>Save the Children invita a toda la sociedad, instituciones p\u00fablicas y privadas a comprometerse con la igualdad de trato para todas las ni\u00f1as y todos los ni\u00f1os, la rendici\u00f3n de cuentas por parte de los responsables de la toma de decisiones, fortalecer la participaci\u00f3n significativa de ni\u00f1as, ni\u00f1os y adolescentes, y que la inversi\u00f3n con enfoque de derechos de la ni\u00f1ez y adolescencia contin\u00fae en aumento poder llegar a todo el pa\u00eds y alcanzar \u201chasta el \u00faltimo ni\u00f1o y ni\u00f1a\u201d.<\/p>\n<p>Materiales audiovisuales de \u201cHasta el \u00daltimo Ni\u00f1o y Ni\u00f1a\u201d disponibles en nuestro canal de YouTube: Save the Children en Nicaragua.<br \/>\nAcciones de Save the Children en Nicaragua<br \/>\nEn Nicaragua, Save the Children tiene presencia desde 1980. La actual estrategia 2016-2018 de Save the Children en Nicaragua contempla cinco programas de desarrollo: Protecci\u00f3n, Gobernabilidad en Derechos de la Ni\u00f1ez, Educaci\u00f3n, Salud y Nutrici\u00f3n, y Lucha contra la Pobreza, adem\u00e1s de asistencia humanitaria en situaciones de emergencia. Los temas de g\u00e9nero, discapacidad, resiliencia e interculturalidad con enfoque de ni\u00f1ez son transversales a todos nuestros programas y proyectos.<br \/>\nA lo largo de 2016, con nuestro programa de Gobernabilidad en Derechos de la Ni\u00f1ez se coordin\u00f3 con cuatro gobiernos municipales (El Tuma-La Dalia y Rancho Grande en Matagalpa, Santa Mar\u00eda de Pantasma en Jinotega y San Jos\u00e9 de los Remates en Boaco) para incrementar la distribuci\u00f3n presupuestaria con enfoque de ni\u00f1ez e incluyendo la participaci\u00f3n de ni\u00f1as y ni\u00f1os a trav\u00e9s de distintas formas de participaci\u00f3n infantil: Gracias a este proceso se inaugur\u00f3 un parque, se compraron y donaron equipamientos deportivos para f\u00fatbol, b\u00e9isbol, b\u00e1squetbol y v\u00f3leibol, se donaron instrumentos musicales y equipamiento para una biblioteca y se mejor\u00f3 una cancha multiusos, beneficiando a 4,942 ni\u00f1as y ni\u00f1os.<\/p>\n<p>Con nuestro programa de Salud y Nutrici\u00f3n, en 2016 trabajamos con el Ministerio de Salud la implementaci\u00f3n de la estrategia de manejo de casos comunitarios, capacitando tanto del personal de Salud como de las y los brigadistas comunitarios voluntarios para que detecten diferentes enfermedades en ni\u00f1as y ni\u00f1os desde su nacimiento y hasta los 6 a\u00f1os, actualmente estamos en 21 municipios del occidente y centro-norte de Nicaragua, llegando a 244 comunidades rurales de dif\u00edcil acceso donde intervienen 610 brigadistas de salud.<\/p>\n<p>Con nuestro programa de Educaci\u00f3n, 957 docentes de escuelas p\u00fablicas, promotores y personal t\u00e9cnico del Ministerio de Educaci\u00f3n (79% mujeres) de 8 municipalidades se formaron en desarrollo psicosocial, metodolog\u00edas para la promoci\u00f3n de las habilidades lectoras y disciplina positiva entre otros temas, alcanzando a 29,125 ni\u00f1as y ni\u00f1os (49.7% mujeres).<\/p>\n<p>En 2016 ejecutamos $3,561,446 en Jinotega, Le\u00f3n, Managua, Matagalpa, y en las Regiones Aut\u00f3nomas de la Costa Caribe Norte y Sur, de la mano con el Ministerio de Salud, el Ministerio de Educaci\u00f3n, el Ministerio de la Familia, la Procuradur\u00eda para la Defensa de los Derechos Humanos y Defensa Civil; y otras organizaciones como Centro de Apoyo a Programas y Proyectos (CAPRI), Centro de Servicios Educativos en Salud y Medio Ambiente (CESESMA), Federaci\u00f3n Coordinadora Nicarag\u00fcense de ONG que trabajan con la Ni\u00f1ez y la Adolescencia (CODENI), Fundaci\u00f3n de Apoyo al Arte Creador Infantil FUNARTE, La Cuculmeca, Libros para Ni\u00f1os, IPADE, el Movimiento Luis Alfonso Vel\u00e1zquez Flores (MILAVF), el Movimiento Nacional de Adolescentes y J\u00f3venes, Los Pipitos, la Universidad Centroamericana (UCA) y Organizaci\u00f3n para el Desarrollo Econ\u00f3mico y Social para el \u00c1rea Urbana y Rural (ODESAR). Adem\u00e1s, Save the Children forma parte de Movimiento Mundial por la Infancia (MMI) Cap\u00edtulo de Nicaragua y del Grupo de Internet Seguro.<br \/>\nConversatorio entre adolescentes de Nicaragua y Estados Unidos<br \/>\nEn el marco de la celebraci\u00f3n del primer aniversario de Hasta el \u00faltimo Ni\u00f1o y Ni\u00f1a, tres adolescentes de Jinotega y Matagalpa que participan en el proyecto \u201cTaza de la Excelencia para J\u00f3venes Emprendedores\u201d mantendr\u00e1n una conversaci\u00f3n online (WebCast) este jueves 27 de abril a las 10 am, con adolescentes de una escuela en Florida. Compartir\u00e1n los conocimientos adquiridos en el marco del proyecto, que les ha permitido generar sus propios negocios y desarrollar sus habilidades para hacer funcionar con eficacia sus emprendimientos. El link al Webcast: https:\/\/www.youtube.com\/watch?v=OwsTWGrvZz4.<br \/>\n\u201cTaza de la Excelencia para J\u00f3venes Emprendedores\u201d arranc\u00f3 en septiembre de 2016, en Jinotega y Matagalpa con fondos de la Fundaci\u00f3n Bezos y de Keurig Green Mountain-Judith Haskell Brewer Fund.<\/p>\n","protected":false},"excerpt":{"rendered":"<p>La organizaci\u00f3n internacional Save the Children celebr\u00f3 el 26 de abril el primer aniversario de la iniciativa global \u201cHasta el \u00faltimo ni\u00f1o y ni\u00f1a\u201d, lanzada en m\u00e1s de 80 pa\u00edses desde el a\u00f1o 2016 con el prop\u00f3sito de impulsar acciones para superar la discriminaci\u00f3n, la pobreza y fortalecer la voz de la ni\u00f1ez y adolescencia, [&hellip;]<\/p>\n","protected":false},"author":1,"featured_media":46418,"comment_status":"open","ping_status":"open","sticky":false,"template":"","format":"standard","meta":{"om_disable_all_campaigns":false,"_monsterinsights_skip_tracking":false,"_monsterinsights_sitenote_active":false,"_monsterinsights_sitenote_note":"","_monsterinsights_sitenote_category":0,"footnotes":""},"categories":[3],"tags":[],"class_list":["post-46417","post","type-post","status-publish","format-standard","has-post-thumbnail","hentry","category-nacionales"],"aioseo_notices":[],"_links":{"self":[{"href":"https:\/\/elcronistadigital.com\/index.php?rest_route=\/wp\/v2\/posts\/46417","targetHints":{"allow":["GET"]}}],"collection":[{"href":"https:\/\/elcronistadigital.com\/index.php?rest_route=\/wp\/v2\/posts"}],"about":[{"href":"https:\/\/elcronistadigital.com\/index.php?rest_route=\/wp\/v2\/types\/post"}],"author":[{"embeddable":true,"href":"https:\/\/elcronistadigital.com\/index.php?rest_route=\/wp\/v2\/users\/1"}],"replies":[{"embeddable":true,"href":"https:\/\/elcronistadigital.com\/index.php?rest_route=%2Fwp%2Fv2%2Fcomments&post=46417"}],"version-history":[{"count":1,"href":"https:\/\/elcronistadigital.com\/index.php?rest_route=\/wp\/v2\/posts\/46417\/revisions"}],"predecessor-version":[{"id":46419,"href":"https:\/\/elcronistadigital.com\/index.php?rest_route=\/wp\/v2\/posts\/46417\/revisions\/46419"}],"wp:featuredmedia":[{"embeddable":true,"href":"https:\/\/elcronistadigital.com\/index.php?rest_route=\/wp\/v2\/media\/46418"}],"wp:attachment":[{"href":"https:\/\/elcronistadigital.com\/index.php?rest_route=%2Fwp%2Fv2%2Fmedia&parent=46417"}],"wp:term":[{"taxonomy":"category","embeddable":true,"href":"https:\/\/elcronistadigital.com\/index.php?rest_route=%2Fwp%2Fv2%2Fcategories&post=46417"},{"taxonomy":"post_tag","embeddable":true,"href":"https:\/\/elcronistadigital.com\/index.php?rest_route=%2Fwp%2Fv2%2Ftags&post=46417"}],"curies":[{"name":"wp","href":"https:\/\/api.w.org\/{rel}","templated":true}]}}