{"id":46420,"date":"2017-04-28T07:43:35","date_gmt":"2017-04-28T13:43:35","guid":{"rendered":"http:\/\/elcronistadigital.com\/?p=46420"},"modified":"2017-04-28T07:43:35","modified_gmt":"2017-04-28T13:43:35","slug":"temor-de-padres-por-la-ballena-azul","status":"publish","type":"post","link":"https:\/\/elcronistadigital.com\/?p=46420","title":{"rendered":"Temor de padres por la \u201cballena azul\u201d"},"content":{"rendered":"<p><a href=\"https:\/\/elcronistadigital.com\/wp-content\/uploads\/2017\/04\/ballena-azul.jpg\"><img loading=\"lazy\" decoding=\"async\" class=\"alignleft size-full wp-image-46421\" alt=\"ballena azul\" src=\"https:\/\/elcronistadigital.com\/wp-content\/uploads\/2017\/04\/ballena-azul.jpg\" width=\"450\" height=\"215\" srcset=\"https:\/\/elcronistadigital.com\/wp-content\/uploads\/2017\/04\/ballena-azul.jpg 450w, https:\/\/elcronistadigital.com\/wp-content\/uploads\/2017\/04\/ballena-azul-300x143.jpg 300w, https:\/\/elcronistadigital.com\/wp-content\/uploads\/2017\/04\/ballena-azul-342x163.jpg 342w\" sizes=\"auto, (max-width: 450px) 100vw, 450px\" \/><\/a>Uillem S\u00e1nchez | elperiodico.com<\/p>\n<p>Una chica de 15 a\u00f1os ha sido ingresada en un hospital del \u00e1rea metropolitana de Barcelona despu\u00e9s de que su entorno detectara que hab\u00eda empezado a jugar a la \u2018Ballena azul\u2019, seg\u00fan ha avanzado la Cadena Ser. Tanto los Mossos d&#8217;Esquadra como psic\u00f3logos consultados por este diario confirman la existencia de este caso pero tranquilizan tambi\u00e9n que no constan m\u00e1s episodios como el de esta adolescente en Catalunya.<\/p>\n<p>En Rusia la polic\u00eda investiga esta red social porque podr\u00eda estar relacionada con el suicidio o el intento de suicido de numerosos j\u00f3venes. El ministro brasile\u00f1o de Justicia, Omar Serraglio, pidi\u00f3 el mi\u00e9rcoles a la Polic\u00eda Federal que averig\u00fce qu\u00e9 ocurre con este juego virtual tras la alarma creada las \u00faltimas semanas por la muerte de adolescentes presuntamente vinculadas a este fen\u00f3meno, seg\u00fan la agencia Efe.<br \/>\nINDUCCI\u00d3N AL SUICIDIO<\/p>\n<p>Este juego, &#8216;Blue whale&#8217; (&#8216;Ballena azul&#8217; en ingl\u00e9s), propone a los participantes que sigan una lista de unos 50 pasos o retos m\u00e1s o menos f\u00e1ciles, como &#8216;tatuarse&#8217; con un objeto punzante en el muslo o en el brazo la silueta de una ballena, hacer una marat\u00f3n de 24 horas viendo pel\u00edculas de terror o despertarse a las 4.20 de la ma\u00f1ana.<\/p>\n<p>Al finalizar el medio centenar de retos, llega el desenlace, que consiste en suicidarse. A menudo, arroj\u00e1ndose al vac\u00edo desde el edificio m\u00e1s alto que se encuentre o saltando a las v\u00edas del tren.<\/p>\n<p>Cada prueba superada debe ser certificada con el env\u00edo de una imagen que demuestra que se ha llevado a cabo. Al parecer, y seg\u00fan las investigaciones, existe un administrador del grupo que es el que se encarga de dar las \u00f3rdenes a los adolescentes.<br \/>\nCASO AISLADO<\/p>\n<p>El de esta joven de 15 a\u00f1os es el primer caso que se detecta en Catalunya. Seg\u00fan ha informado la cadena radiof\u00f3nica, la chica coment\u00f3 a su entorno que estaba participando en este juego y este, preocupado, inform\u00f3 a la familia, que ha acudido a un centro m\u00e9dico de la corona metropolitana, en el que ha podido ser atendida antes de que se acercara al tr\u00e1gico final que propone el juego.<br \/>\nRIESGO PARA J\u00d3VENES \u00abVULNERABLES\u00bb<\/p>\n<p>Joaquim Punt\u00ed, psic\u00f3logo cl\u00ednico experto en conducta suicida infanto-juvenil, avisa del peligro que pueden tener este tipo de juegos virtuales para j\u00f3venes \u00abespecialmente vulnerables\u00bb.<\/p>\n<p>Para explicar un suicidio \u00abno basta con poner todo el peso de la causa en una herramienta concreta\u00bb, matiza. Pero tambi\u00e9n es cierto que puede \u00abatrapar\u00bb a algunos j\u00f3venes con problemas de depresi\u00f3n o trastornos de la personalidad.<\/p>\n<p>Hace a\u00f1os se detect\u00f3, tras el suidio de Kurt Cobain en 1994, que entre la proporci\u00f3n de j\u00f3venes que se quitaron la vida hubo un repunte entre los que \u00abempatizaban\u00bb con la est\u00e9tica y valores que se asociaban con el l\u00edder de Nirvana, explica Punt\u00ed, para tratar de comprender las relaciones que existen entre la aut\u00f3lisis de un menor y las causas externas que pueden haber contribuido a que se produzca.<\/p>\n<p>Este especialista subraya tambi\u00e9n que el contexto digital actual implica riesgos que van mucho m\u00e1s all\u00e1 de algo puntual como la &#8216;Ballena azul&#8217;. \u00abGoogle permite encontrar much\u00edsimas p\u00e1ginas con contenido sobre formas de suicidarse o de autolesionarse\u00bb, detalla. Y es una informaci\u00f3n que escapa \u00abal control paterno\u00bb porque es muy dif\u00edcil que los progenitores se imaginen que un hijo \u00abla est\u00e1 buscando\u00bb.<\/p>\n<p>Entre los adolescentes de 15 y 24 a\u00f1os el suicidio y los accidentes de tr\u00e1fico son las dos principales causa de muerte en Catalunya.<\/p>\n","protected":false},"excerpt":{"rendered":"<p>Uillem S\u00e1nchez | elperiodico.com Una chica de 15 a\u00f1os ha sido ingresada en un hospital del \u00e1rea metropolitana de Barcelona despu\u00e9s de que su entorno detectara que hab\u00eda empezado a jugar a la \u2018Ballena azul\u2019, seg\u00fan ha avanzado la Cadena Ser. Tanto los Mossos d&#8217;Esquadra como psic\u00f3logos consultados por este diario confirman la existencia de [&hellip;]<\/p>\n","protected":false},"author":1,"featured_media":46421,"comment_status":"open","ping_status":"open","sticky":false,"template":"","format":"standard","meta":{"om_disable_all_campaigns":false,"_monsterinsights_skip_tracking":false,"_monsterinsights_sitenote_active":false,"_monsterinsights_sitenote_note":"","_monsterinsights_sitenote_category":0,"footnotes":""},"categories":[5,3524],"tags":[],"class_list":["post-46420","post","type-post","status-publish","format-standard","has-post-thumbnail","hentry","category-mundo","category-noticas"],"aioseo_notices":[],"_links":{"self":[{"href":"https:\/\/elcronistadigital.com\/index.php?rest_route=\/wp\/v2\/posts\/46420","targetHints":{"allow":["GET"]}}],"collection":[{"href":"https:\/\/elcronistadigital.com\/index.php?rest_route=\/wp\/v2\/posts"}],"about":[{"href":"https:\/\/elcronistadigital.com\/index.php?rest_route=\/wp\/v2\/types\/post"}],"author":[{"embeddable":true,"href":"https:\/\/elcronistadigital.com\/index.php?rest_route=\/wp\/v2\/users\/1"}],"replies":[{"embeddable":true,"href":"https:\/\/elcronistadigital.com\/index.php?rest_route=%2Fwp%2Fv2%2Fcomments&post=46420"}],"version-history":[{"count":1,"href":"https:\/\/elcronistadigital.com\/index.php?rest_route=\/wp\/v2\/posts\/46420\/revisions"}],"predecessor-version":[{"id":46422,"href":"https:\/\/elcronistadigital.com\/index.php?rest_route=\/wp\/v2\/posts\/46420\/revisions\/46422"}],"wp:featuredmedia":[{"embeddable":true,"href":"https:\/\/elcronistadigital.com\/index.php?rest_route=\/wp\/v2\/media\/46421"}],"wp:attachment":[{"href":"https:\/\/elcronistadigital.com\/index.php?rest_route=%2Fwp%2Fv2%2Fmedia&parent=46420"}],"wp:term":[{"taxonomy":"category","embeddable":true,"href":"https:\/\/elcronistadigital.com\/index.php?rest_route=%2Fwp%2Fv2%2Fcategories&post=46420"},{"taxonomy":"post_tag","embeddable":true,"href":"https:\/\/elcronistadigital.com\/index.php?rest_route=%2Fwp%2Fv2%2Ftags&post=46420"}],"curies":[{"name":"wp","href":"https:\/\/api.w.org\/{rel}","templated":true}]}}