{"id":46524,"date":"2017-05-16T09:40:00","date_gmt":"2017-05-16T15:40:00","guid":{"rendered":"http:\/\/elcronistadigital.com\/?p=46524"},"modified":"2017-05-16T09:40:00","modified_gmt":"2017-05-16T15:40:00","slug":"nicaragua-y-belarus-buscan-mejorar-comercio","status":"publish","type":"post","link":"https:\/\/elcronistadigital.com\/?p=46524","title":{"rendered":"Nicaragua y Belar\u00fas buscan mejorar comercio"},"content":{"rendered":"<p><a href=\"https:\/\/elcronistadigital.com\/wp-content\/uploads\/2017\/05\/belar\u00fas.jpg\"><img loading=\"lazy\" decoding=\"async\" class=\"alignleft size-full wp-image-46525\" alt=\"belar\u00fas\" src=\"https:\/\/elcronistadigital.com\/wp-content\/uploads\/2017\/05\/belar\u00fas.jpg\" width=\"416\" height=\"416\" srcset=\"https:\/\/elcronistadigital.com\/wp-content\/uploads\/2017\/05\/belar\u00fas.jpg 416w, https:\/\/elcronistadigital.com\/wp-content\/uploads\/2017\/05\/belar\u00fas-150x150.jpg 150w, https:\/\/elcronistadigital.com\/wp-content\/uploads\/2017\/05\/belar\u00fas-300x300.jpg 300w, https:\/\/elcronistadigital.com\/wp-content\/uploads\/2017\/05\/belar\u00fas-50x50.jpg 50w, https:\/\/elcronistadigital.com\/wp-content\/uploads\/2017\/05\/belar\u00fas-342x342.jpg 342w, https:\/\/elcronistadigital.com\/wp-content\/uploads\/2017\/05\/belar\u00fas-70x70.jpg 70w, https:\/\/elcronistadigital.com\/wp-content\/uploads\/2017\/05\/belar\u00fas-55x55.jpg 55w\" sizes=\"auto, (max-width: 416px) 100vw, 416px\" \/><\/a>Las autoridades de Nicaragua recibieron el lunes a una delegaci\u00f3n de Belar\u00fas para potenciar las relaciones comerciales y de cooperaci\u00f3n entre ambos pa\u00edses.<\/p>\n<p>&#8216;Nos visita una delegaci\u00f3n bielorrusa con la que estamos trabajando la posibilidad de acuerdos financieros y comerciales que nos permitan importar productos para fortalecer sectores claves de nuestra econom\u00eda e industria&#8217;, inform\u00f3 la vicepresidenta nicarag\u00fcense Rosario Murillo.<\/p>\n<p>En ese sentido, detall\u00f3 que ambas partes abordaron proyectos de cooperaci\u00f3n relacionados con el transporte p\u00fablico, el sector agr\u00edcola, inversiones y la compra de maquinaria.<\/p>\n<p>De acuerdo con Murillo, el mi\u00e9rcoles las dos delegaciones dar\u00e1n a conocer los resultados de esa mesa de trabajo, antes de concluir la visita de la representaci\u00f3n europea.<\/p>\n","protected":false},"excerpt":{"rendered":"<p>Las autoridades de Nicaragua recibieron el lunes a una delegaci\u00f3n de Belar\u00fas para potenciar las relaciones comerciales y de cooperaci\u00f3n entre ambos pa\u00edses. &#8216;Nos visita una delegaci\u00f3n bielorrusa con la que estamos trabajando la posibilidad de acuerdos financieros y comerciales que nos permitan importar productos para fortalecer sectores claves de nuestra econom\u00eda e industria&#8217;, inform\u00f3 [&hellip;]<\/p>\n","protected":false},"author":1,"featured_media":46525,"comment_status":"open","ping_status":"open","sticky":false,"template":"","format":"standard","meta":{"om_disable_all_campaigns":false,"_monsterinsights_skip_tracking":false,"_monsterinsights_sitenote_active":false,"_monsterinsights_sitenote_note":"","_monsterinsights_sitenote_category":0,"footnotes":""},"categories":[4,3524],"tags":[],"class_list":["post-46524","post","type-post","status-publish","format-standard","has-post-thumbnail","hentry","category-economia","category-noticas"],"aioseo_notices":[],"_links":{"self":[{"href":"https:\/\/elcronistadigital.com\/index.php?rest_route=\/wp\/v2\/posts\/46524","targetHints":{"allow":["GET"]}}],"collection":[{"href":"https:\/\/elcronistadigital.com\/index.php?rest_route=\/wp\/v2\/posts"}],"about":[{"href":"https:\/\/elcronistadigital.com\/index.php?rest_route=\/wp\/v2\/types\/post"}],"author":[{"embeddable":true,"href":"https:\/\/elcronistadigital.com\/index.php?rest_route=\/wp\/v2\/users\/1"}],"replies":[{"embeddable":true,"href":"https:\/\/elcronistadigital.com\/index.php?rest_route=%2Fwp%2Fv2%2Fcomments&post=46524"}],"version-history":[{"count":2,"href":"https:\/\/elcronistadigital.com\/index.php?rest_route=\/wp\/v2\/posts\/46524\/revisions"}],"predecessor-version":[{"id":46527,"href":"https:\/\/elcronistadigital.com\/index.php?rest_route=\/wp\/v2\/posts\/46524\/revisions\/46527"}],"wp:featuredmedia":[{"embeddable":true,"href":"https:\/\/elcronistadigital.com\/index.php?rest_route=\/wp\/v2\/media\/46525"}],"wp:attachment":[{"href":"https:\/\/elcronistadigital.com\/index.php?rest_route=%2Fwp%2Fv2%2Fmedia&parent=46524"}],"wp:term":[{"taxonomy":"category","embeddable":true,"href":"https:\/\/elcronistadigital.com\/index.php?rest_route=%2Fwp%2Fv2%2Fcategories&post=46524"},{"taxonomy":"post_tag","embeddable":true,"href":"https:\/\/elcronistadigital.com\/index.php?rest_route=%2Fwp%2Fv2%2Ftags&post=46524"}],"curies":[{"name":"wp","href":"https:\/\/api.w.org\/{rel}","templated":true}]}}