{"id":46649,"date":"2017-05-31T06:41:32","date_gmt":"2017-05-31T12:41:32","guid":{"rendered":"http:\/\/elcronistadigital.com\/?p=46649"},"modified":"2017-05-31T06:41:32","modified_gmt":"2017-05-31T12:41:32","slug":"inversion-de-us23-millones-en-banano-y-platano","status":"publish","type":"post","link":"https:\/\/elcronistadigital.com\/?p=46649","title":{"rendered":"Inversi\u00f3n de US$23 millones en banano y pl\u00e1tano"},"content":{"rendered":"<div id=\"attachment_46650\" style=\"width: 460px\" class=\"wp-caption alignleft\"><a href=\"https:\/\/elcronistadigital.com\/wp-content\/uploads\/2017\/05\/pl\u00e1tanos1.jpg\"><img loading=\"lazy\" decoding=\"async\" aria-describedby=\"caption-attachment-46650\" class=\"size-full wp-image-46650\" alt=\"Foto de referencia.\" src=\"https:\/\/elcronistadigital.com\/wp-content\/uploads\/2017\/05\/pl\u00e1tanos1.jpg\" width=\"450\" height=\"450\" srcset=\"https:\/\/elcronistadigital.com\/wp-content\/uploads\/2017\/05\/pl\u00e1tanos1.jpg 450w, https:\/\/elcronistadigital.com\/wp-content\/uploads\/2017\/05\/pl\u00e1tanos1-150x150.jpg 150w, https:\/\/elcronistadigital.com\/wp-content\/uploads\/2017\/05\/pl\u00e1tanos1-300x300.jpg 300w, https:\/\/elcronistadigital.com\/wp-content\/uploads\/2017\/05\/pl\u00e1tanos1-50x50.jpg 50w, https:\/\/elcronistadigital.com\/wp-content\/uploads\/2017\/05\/pl\u00e1tanos1-342x342.jpg 342w, https:\/\/elcronistadigital.com\/wp-content\/uploads\/2017\/05\/pl\u00e1tanos1-70x70.jpg 70w, https:\/\/elcronistadigital.com\/wp-content\/uploads\/2017\/05\/pl\u00e1tanos1-55x55.jpg 55w\" sizes=\"auto, (max-width: 450px) 100vw, 450px\" \/><\/a><p id=\"caption-attachment-46650\" class=\"wp-caption-text\">Foto de referencia.<\/p><\/div>\n<p><span style=\"color: #993300;\"><em><strong>* Empresa ubicada en La Paz Centro planea exportar 10 mil cajas diarias de las dos mus\u00e1ceas y generar\u00e1 m\u00e1s de 800 empleos formales.<\/strong><\/em><\/span><\/p>\n<p>La empresa nicarag\u00fcense \u201cBanano L\u00edder\u201d abrir\u00e1 el pr\u00f3ximo mi\u00e9rcoles una f\u00e1brica para procesar banano y pl\u00e1tano en Nicaragua con una inversi\u00f3n de 23 millones de d\u00f3lares, inform\u00f3 el gobierno del pa\u00eds centroamericano.<\/p>\n<p>La f\u00e1brica est\u00e1 ubicada en el municipio de La Paz Centro, 57 kil\u00f3metros al noreste de Managua y ser\u00e1 inaugurada por el ministro delegado presidencial para la promoci\u00f3n de las inversiones, \u00c1lvaro Baltodano, en conjunto con ejecutivos de dicha empresa.<\/p>\n<p>La infraestructura cuenta con 530 hect\u00e1reas para la producci\u00f3n de banano y 140 hect\u00e1reas para pl\u00e1tano, por lo que para el mes de agosto de \u00e9ste a\u00f1o se buscar\u00e1 la exportaci\u00f3n de 8,000 cajas diarias de banano y 2,000 de pl\u00e1tano de acuerdo con datos proporcionados durante el anuncio de la vicepresidenta y primera dama de Nicaragua, Rosario Murillo.<\/p>\n<p>El proyecto tiene una inversi\u00f3n de 23 millones de d\u00f3lares, generar\u00e1 m\u00e1s de 800 empleos formales y buscar\u00e1 colocar al banano y al pl\u00e1tano entre los principales productos de exportaci\u00f3n, ya que de acuerdo con datos oficiales, ni el banano ni el pl\u00e1tano se encuentra entre los 10 principales productos de exportaci\u00f3n de Nicaragua.<\/p>\n","protected":false},"excerpt":{"rendered":"<p>* Empresa ubicada en La Paz Centro planea exportar 10 mil cajas diarias de las dos mus\u00e1ceas y generar\u00e1 m\u00e1s de 800 empleos formales. La empresa nicarag\u00fcense \u201cBanano L\u00edder\u201d abrir\u00e1 el pr\u00f3ximo mi\u00e9rcoles una f\u00e1brica para procesar banano y pl\u00e1tano en Nicaragua con una inversi\u00f3n de 23 millones de d\u00f3lares, inform\u00f3 el gobierno del pa\u00eds [&hellip;]<\/p>\n","protected":false},"author":1,"featured_media":46650,"comment_status":"open","ping_status":"open","sticky":false,"template":"","format":"standard","meta":{"om_disable_all_campaigns":false,"_monsterinsights_skip_tracking":false,"_monsterinsights_sitenote_active":false,"_monsterinsights_sitenote_note":"","_monsterinsights_sitenote_category":0,"footnotes":""},"categories":[3,4,3524],"tags":[],"class_list":["post-46649","post","type-post","status-publish","format-standard","has-post-thumbnail","hentry","category-nacionales","category-economia","category-noticas"],"aioseo_notices":[],"_links":{"self":[{"href":"https:\/\/elcronistadigital.com\/index.php?rest_route=\/wp\/v2\/posts\/46649","targetHints":{"allow":["GET"]}}],"collection":[{"href":"https:\/\/elcronistadigital.com\/index.php?rest_route=\/wp\/v2\/posts"}],"about":[{"href":"https:\/\/elcronistadigital.com\/index.php?rest_route=\/wp\/v2\/types\/post"}],"author":[{"embeddable":true,"href":"https:\/\/elcronistadigital.com\/index.php?rest_route=\/wp\/v2\/users\/1"}],"replies":[{"embeddable":true,"href":"https:\/\/elcronistadigital.com\/index.php?rest_route=%2Fwp%2Fv2%2Fcomments&post=46649"}],"version-history":[{"count":1,"href":"https:\/\/elcronistadigital.com\/index.php?rest_route=\/wp\/v2\/posts\/46649\/revisions"}],"predecessor-version":[{"id":46651,"href":"https:\/\/elcronistadigital.com\/index.php?rest_route=\/wp\/v2\/posts\/46649\/revisions\/46651"}],"wp:featuredmedia":[{"embeddable":true,"href":"https:\/\/elcronistadigital.com\/index.php?rest_route=\/wp\/v2\/media\/46650"}],"wp:attachment":[{"href":"https:\/\/elcronistadigital.com\/index.php?rest_route=%2Fwp%2Fv2%2Fmedia&parent=46649"}],"wp:term":[{"taxonomy":"category","embeddable":true,"href":"https:\/\/elcronistadigital.com\/index.php?rest_route=%2Fwp%2Fv2%2Fcategories&post=46649"},{"taxonomy":"post_tag","embeddable":true,"href":"https:\/\/elcronistadigital.com\/index.php?rest_route=%2Fwp%2Fv2%2Ftags&post=46649"}],"curies":[{"name":"wp","href":"https:\/\/api.w.org\/{rel}","templated":true}]}}