{"id":46861,"date":"2017-06-27T10:17:33","date_gmt":"2017-06-27T16:17:33","guid":{"rendered":"http:\/\/elcronistadigital.com\/?p=46861"},"modified":"2017-06-27T10:17:33","modified_gmt":"2017-06-27T16:17:33","slug":"mexico-y-colombia-se-disputan-a-centroamerica","status":"publish","type":"post","link":"https:\/\/elcronistadigital.com\/?p=46861","title":{"rendered":"M\u00e9xico y Colombia se disputan a Centroam\u00e9rica"},"content":{"rendered":"<p><a href=\"https:\/\/elcronistadigital.com\/wp-content\/uploads\/2017\/06\/exportaciones-colombia.png\"><img loading=\"lazy\" decoding=\"async\" class=\"alignleft size-full wp-image-46862\" alt=\"exportaciones colombia\" src=\"https:\/\/elcronistadigital.com\/wp-content\/uploads\/2017\/06\/exportaciones-colombia.png\" width=\"450\" height=\"300\" srcset=\"https:\/\/elcronistadigital.com\/wp-content\/uploads\/2017\/06\/exportaciones-colombia.png 450w, https:\/\/elcronistadigital.com\/wp-content\/uploads\/2017\/06\/exportaciones-colombia-300x200.png 300w, https:\/\/elcronistadigital.com\/wp-content\/uploads\/2017\/06\/exportaciones-colombia-342x228.png 342w\" sizes=\"auto, (max-width: 450px) 100vw, 450px\" \/><\/a>Alberto N\u00e1jar |BBC Mundo<\/p>\n<p>Es un mercado al que M\u00e9xico mantuvo en el quinto lugar de sus inversiones extranjeras durante d\u00e9cadas. Pero la nueva pol\u00edtica comercial de Estados Unidos le obliga a tocar sus puertas.<\/p>\n<p>Es Centroam\u00e9rica, una regi\u00f3n donde el intercambio comercial \u2013importaciones y exportaciones- el a\u00f1o pasado fue de US$90.000 millones.<\/p>\n<p>Y una zona donde, a pesar de ser vecinos, los empresarios mexicanos mantienen una presencia discreta.<\/p>\n<p>Ahora la situaci\u00f3n pretende revertirse, cercana la renegociaci\u00f3n del Tratado de Libre Comercio de Am\u00e9rica del Nortel (TLCAN).<\/p>\n<p>El gobierno mexicano anunci\u00f3 que buscar\u00eda diversificar sus mercados, y una alternativa natural est\u00e1 allende la frontera sur.<\/p>\n<p>Pero no ser\u00e1 f\u00e1cil porque enfrenta a un competidor que desde hace varios a\u00f1os increment\u00f3 notablemente su presencia: Colombia.<\/p>\n<p>N\u00fameros<\/p>\n<p>En 2016 la inversi\u00f3n de ese pa\u00eds en la regi\u00f3n sum\u00f3 US$10.402 millones, seg\u00fan datos de Procolombia, el organismo p\u00fablico que promueve la inversi\u00f3n de su pa\u00eds en el extranjero.<\/p>\n<p>La competencia es intensa. \u00abPara nosotros Centroam\u00e9rica es definitivamente una regi\u00f3n clave\u00bb, le dice a BBC Mundo Juliana Villegas, vicepresidenta de exportaciones de ProColombia.<\/p>\n<p>\u00abEs una poblaci\u00f3n de poder adquisitivo creciente que cada vez se interesa m\u00e1s por productos de valor agregado\u00bb.<\/p>\n<p>Y para M\u00e9xico el mercado centroamericano es hist\u00f3ricamente cercano.<\/p>\n<p>\u00abLa regi\u00f3n siempre ha sido importante y lo seguir\u00e1 siendo con el paso de los a\u00f1os\u00bb, le dice a BBC Mundo Norberto Amador Islas, consejero comercial para Centroam\u00e9rica de Prom\u00e9xico.<\/p>\n<p>\u00bfInfluencia de Trump?<\/p>\n<p>Desde hace m\u00e1s de un siglo existe intercambio comercial entre M\u00e9xico y Centroam\u00e9rica, pero en los a\u00f1os 90 se intensific\u00f3 con la firma de dos tratados de libre comercio con Costa Rica y Nicaragua.<\/p>\n<p>Aunque luego se firmaron otros acuerdos similares &#8211; incluso uno con toda la regi\u00f3n en 2013- los empresarios y autoridades mexicanas concentraron sus esfuerzos en el TLCAN, el acuerdo con Estados Unidos y Canad\u00e1 que entr\u00f3 en vigor en enero de 1994.<\/p>\n<p>Es el principal tratado para M\u00e9xico, con un volumen comercial de US$500.000 millones al a\u00f1o.<\/p>\n<p>Seg\u00fan especialistas concentrar la mirada en Canad\u00e1 y Estados Unidos rest\u00f3 importancia a otros socios comerciales, como Centroam\u00e9rica.<\/p>\n<p>As\u00ed, cuando el presidente de Estados Unidos Donald Trump anunci\u00f3 que renegociar\u00e1 el TLCAN, los empresarios mexicanos parecieron forzados a buscar alternativas con sus vecinos del sur.<\/p>\n<p>Pero el funcionario de ProM\u00e9xico dice que no es as\u00ed.<\/p>\n<p>\u00abNo es que apenas volteamos a ver hacia ac\u00e1 por una coyuntura que ahora tenemos, no es del todo correcto\u00bb, asegura Amador Islas.<\/p>\n<p>\u00abLa regi\u00f3n no est\u00e1 desatendida, nos unen lazos hist\u00f3ricos, culturales, pol\u00edticos, comerciales. El acercamiento hist\u00f3ricamente siempre ha sido muy bueno\u00bb.<\/p>\n<p>Las empresas<\/p>\n<p>Lo cierto es que mientras la mirada mexicana se concentraba en el norte, Colombia emprendi\u00f3 la conquista del mercado centroamericano.<\/p>\n<p>A partir de 2000 el pa\u00eds aument\u00f3 significativamente el volumen de sus inversiones en la regi\u00f3n, a un ritmo de 50% anual seg\u00fan la Comisi\u00f3n Econ\u00f3mica para Am\u00e9rica Latina y El Caribe (CEPAL).<\/p>\n<p>Actualmente el 21% de toda la inversi\u00f3n que realiza Colombia en el extranjero se concentra en Centroam\u00e9rica, se\u00f1ala Juliana Villegas.<\/p>\n<p>El capital colombiano se encuentra en el sector financiero con instituciones como Bancolombia, Banco Bogot\u00e1 o Davivienda.<\/p>\n<p>Tambi\u00e9n en la industria de la construcci\u00f3n a trav\u00e9s de compa\u00f1\u00edas como Argos, Amarilo, Espacios Urbanos o Concreto, se\u00f1ala la vicepresidenta de ProColombia.<\/p>\n<p>Y lo mismo en la administraci\u00f3n de restaurante, hoteles, aerol\u00edneas, la venta de ropa, alimentos o productos qu\u00edmicos, as\u00ed como el suministro de energ\u00eda a trav\u00e9s de compa\u00f1\u00edas como EPM o Empresa de Energ\u00eda de Bogot\u00e1.<\/p>\n<p>Panam\u00e1 es el principal receptor de las inversiones colombianas, con US$7.500 millones, y enseguida Guatemala, con US$1.200 millones.<\/p>\n<p>\u00abSabemos que tenemos una competencia fuerte pero son mercados que nos interesan bastante, y la inversi\u00f3n colombiana as\u00ed lo demuestra\u00bb, reconoce Villegas.<\/p>\n<p>\u00abLo que traigas pega\u00bb<\/p>\n<p>Ciertamente, la competencia por el mercado centroamericano es intensa. Y en ese terreno M\u00e9xico tiene un papel central.<\/p>\n<p>En la \u00faltima d\u00e9cada en la regi\u00f3n se asentaron empresas como TV Azteca y sus filiales Banco Azteca y Elektra, una cadena de tiendas de muebles y otros enseres.<\/p>\n<p>Tambi\u00e9n realizaron inversiones compa\u00f1\u00edas como la telef\u00f3nica Am\u00e9rica M\u00f3vil, del magnate Carlos Slim, as\u00ed como la cementera Cemex o Lala, la mayor empresa de productos l\u00e1cteos de M\u00e9xico.<\/p>\n<p>Adem\u00e1s, en los \u00faltimos a\u00f1os incrementaron su presencia compa\u00f1\u00edas a\u00e9reas como Interjet o Aerom\u00e9xico.<\/p>\n<p>Guatemala es el principal socio mexicano en Centroam\u00e9rica. La inversi\u00f3n all\u00ed es de US$2.810 millones y enseguida est\u00e1 Panam\u00e1 con US$2.730.<\/p>\n<p>De los pa\u00edses latinoamericanos, M\u00e9xico es el mayor inversionista en la regi\u00f3n si se descuenta la presencia de Estados Unidos o China, que recientemente aument\u00f3 sus inversiones en pa\u00edses como Costa Rica y Nicaragua.<\/p>\n<p>Aunque con los \u00faltimos datos de inversi\u00f3n, Colombia le sigue muy cerca los pasos.<\/p>\n<p>\u00abEs un mercado donde lo que traigas pega, sobre todo para las Pymes (peque\u00f1as y medianas empresas)\u00bb, dice el consejero de ProM\u00e9xico.<\/p>\n<p>\u00abCarece de muchas industrias y por eso tiene amplia experiencia en el tema de importar\u00bb.<\/p>\n<p>Hay para todos<\/p>\n<p>De los US$90.000 millones de intercambio comercial en Centroam\u00e9rica, unos US$65.000 millones son importaciones.<\/p>\n<p>La mayor parte de los productos proviene Estados Unidos y recientemente de China, pero de todas formas es un mercado apetitoso para los pa\u00edses de la regi\u00f3n.<\/p>\n<p>Por eso la competencia entre Colombia y M\u00e9xico, aunque los representantes comerciales de ambos pa\u00edses dicen que hay espacio para todos.<\/p>\n<p>\u00abM\u00e9xico tiene un sector empresarial que es gran competencia nuestra, pero nos encanta la competencia\u00bb, asegura Juliana Villegas, de ProColombia.<\/p>\n<p>Y el representante de M\u00e9xico coincide. \u00abEllos atacan un tipo de mercado donde tienen sectores fuertes y quiz\u00e1 con mayor visibilidad\u00bb, se\u00f1ala.<\/p>\n<p>\u00abCreo que les ha ido bien, pero la inversi\u00f3n mexicana no es de dos o tres a\u00f1os para ac\u00e1, pero de pronto se desvanece, no se ve esa inversi\u00f3n tanto como se ve en el caso de Colombia\u00bb.<\/p>\n","protected":false},"excerpt":{"rendered":"<p>Alberto N\u00e1jar |BBC Mundo Es un mercado al que M\u00e9xico mantuvo en el quinto lugar de sus inversiones extranjeras durante d\u00e9cadas. Pero la nueva pol\u00edtica comercial de Estados Unidos le obliga a tocar sus puertas. Es Centroam\u00e9rica, una regi\u00f3n donde el intercambio comercial \u2013importaciones y exportaciones- el a\u00f1o pasado fue de US$90.000 millones. Y una [&hellip;]<\/p>\n","protected":false},"author":1,"featured_media":46862,"comment_status":"open","ping_status":"open","sticky":false,"template":"","format":"standard","meta":{"om_disable_all_campaigns":false,"_monsterinsights_skip_tracking":false,"_monsterinsights_sitenote_active":false,"_monsterinsights_sitenote_note":"","_monsterinsights_sitenote_category":0,"footnotes":""},"categories":[4,3524,13],"tags":[],"class_list":["post-46861","post","type-post","status-publish","format-standard","has-post-thumbnail","hentry","category-economia","category-noticas","category-portada"],"aioseo_notices":[],"_links":{"self":[{"href":"https:\/\/elcronistadigital.com\/index.php?rest_route=\/wp\/v2\/posts\/46861","targetHints":{"allow":["GET"]}}],"collection":[{"href":"https:\/\/elcronistadigital.com\/index.php?rest_route=\/wp\/v2\/posts"}],"about":[{"href":"https:\/\/elcronistadigital.com\/index.php?rest_route=\/wp\/v2\/types\/post"}],"author":[{"embeddable":true,"href":"https:\/\/elcronistadigital.com\/index.php?rest_route=\/wp\/v2\/users\/1"}],"replies":[{"embeddable":true,"href":"https:\/\/elcronistadigital.com\/index.php?rest_route=%2Fwp%2Fv2%2Fcomments&post=46861"}],"version-history":[{"count":1,"href":"https:\/\/elcronistadigital.com\/index.php?rest_route=\/wp\/v2\/posts\/46861\/revisions"}],"predecessor-version":[{"id":46863,"href":"https:\/\/elcronistadigital.com\/index.php?rest_route=\/wp\/v2\/posts\/46861\/revisions\/46863"}],"wp:featuredmedia":[{"embeddable":true,"href":"https:\/\/elcronistadigital.com\/index.php?rest_route=\/wp\/v2\/media\/46862"}],"wp:attachment":[{"href":"https:\/\/elcronistadigital.com\/index.php?rest_route=%2Fwp%2Fv2%2Fmedia&parent=46861"}],"wp:term":[{"taxonomy":"category","embeddable":true,"href":"https:\/\/elcronistadigital.com\/index.php?rest_route=%2Fwp%2Fv2%2Fcategories&post=46861"},{"taxonomy":"post_tag","embeddable":true,"href":"https:\/\/elcronistadigital.com\/index.php?rest_route=%2Fwp%2Fv2%2Ftags&post=46861"}],"curies":[{"name":"wp","href":"https:\/\/api.w.org\/{rel}","templated":true}]}}