{"id":471,"date":"2011-01-27T22:51:56","date_gmt":"2011-01-27T22:51:56","guid":{"rendered":"http:\/\/elcronistadigital.com\/?p=471"},"modified":"2011-06-01T22:52:52","modified_gmt":"2011-06-01T22:52:52","slug":"bid-financiara-programa-contra-riesgos-naturales-y-cambio-climatico","status":"publish","type":"post","link":"https:\/\/elcronistadigital.com\/?p=471","title":{"rendered":"BID financiar\u00e1 programa contra riesgos naturales y cambio clim\u00e1tico"},"content":{"rendered":"<div class=\"art-article\">\n<p style=\"text-align: justify;\">\u00a0<\/p>\n<p style=\"text-align: justify;\"><a href=\"https:\/\/elcronistadigital.com\/wp-content\/uploads\/2011\/06\/Desastres-naturales.jpg\"><img loading=\"lazy\" decoding=\"async\" class=\"size-full wp-image-472\" title=\"Desastres-naturales\" src=\"https:\/\/elcronistadigital.com\/wp-content\/uploads\/2011\/06\/Desastres-naturales.jpg\" alt=\"\" width=\"300\" height=\"225\" \/><\/a>La Asamblea Nacional (Parlamento) de Nicaragua comenz\u00f3 este jueves a analizar un proyecto de decreto sobre un pr\u00e9stamo otorgado por el Banco Interamericano de Desarrollo (BID) por 10 millones de d\u00f3lares, para financiar un programa de gesti\u00f3n de riesgos de desastres y cambio clim\u00e1tico en el norte del pa\u00eds.<\/p>\n<p style=\"text-align: justify;\">\u00a0<\/p>\n<p style=\"text-align: justify;\">Fuentes legislativas informaron que el programa ser\u00e1 ejecutado por el ministerio nicarag\u00fcense de Recursos Naturales y del Ambiente, para apoyar esfuerzos en la reducci\u00f3n de la vulnerabilidad en zonas rurales de Nicaragua frente a fen\u00f3menos asociados con el cambio clim\u00e1tico.<\/p>\n<p style=\"text-align: justify;\">El plan tiene previsto desarrollar acciones sobre el manejo y conservaci\u00f3n de los recursos naturales en cuencas priorizadas por su vulnerabilidad, como las del r\u00edo Viejo y el lago de Apan\u00e1s, en los departamentos de Matagalpa, Estel\u00ed y Nueva Segovia.<\/p>\n<p style=\"text-align: justify;\">Las fuentes indicaron que este programa beneficiar\u00e1 a 3.600 familias en siete municipios del norte de Nicaragua.<\/p>\n<p style=\"text-align: justify;\">El pr\u00e9stamo fue otorgado por el BID a un plazo de 30 a\u00f1os, que incluye seis a\u00f1os de gracia, y a un inter\u00e9s que est\u00e1 en armon\u00eda con los lineamientos de la pol\u00edtica de endeudamiento p\u00fablico y la ley general de deuda p\u00fablica de Nicaragua del a\u00f1o 2010 publicada en La Gaceta diario oficial, dijeron las fuentes.<\/p>\n<p style=\"text-align: justify;\">La iniciativa enviada por el presidente del pa\u00eds, Daniel Ortega, tras ser le\u00edda al plenario del organismo legislativo, fue enviada para fines de dictamen a la comisi\u00f3n de Producci\u00f3n, Econom\u00eda y Presupuesto, dijo el presidente del Parlamento, el sandinista Ren\u00e9 N\u00fa\u00f1ez.<\/p>\n<p style=\"text-align: justify;\">El contrato de pr\u00e9stamo otorgado por el BID fue firmado por el ministro nicarag\u00fcense de Hacienda y Cr\u00e9dito P\u00fablico, Alberto Guevara, el pasado 3 de diciembre, y representantes de la entidad crediticia internacional.<\/p>\n<\/div>\n","protected":false},"excerpt":{"rendered":"<p>\u00a0 La Asamblea Nacional (Parlamento) de Nicaragua comenz\u00f3 este jueves a analizar un proyecto de decreto sobre un pr\u00e9stamo otorgado por el Banco Interamericano de Desarrollo (BID) por 10 millones de d\u00f3lares, para financiar un programa de gesti\u00f3n de riesgos de desastres y cambio clim\u00e1tico en el norte del pa\u00eds. \u00a0 Fuentes legislativas informaron que [&hellip;]<\/p>\n","protected":false},"author":1,"featured_media":472,"comment_status":"open","ping_status":"open","sticky":false,"template":"","format":"standard","meta":{"om_disable_all_campaigns":false,"_monsterinsights_skip_tracking":false,"_monsterinsights_sitenote_active":false,"_monsterinsights_sitenote_note":"","_monsterinsights_sitenote_category":0,"footnotes":""},"categories":[3],"tags":[],"class_list":["post-471","post","type-post","status-publish","format-standard","has-post-thumbnail","hentry","category-nacionales"],"aioseo_notices":[],"_links":{"self":[{"href":"https:\/\/elcronistadigital.com\/index.php?rest_route=\/wp\/v2\/posts\/471","targetHints":{"allow":["GET"]}}],"collection":[{"href":"https:\/\/elcronistadigital.com\/index.php?rest_route=\/wp\/v2\/posts"}],"about":[{"href":"https:\/\/elcronistadigital.com\/index.php?rest_route=\/wp\/v2\/types\/post"}],"author":[{"embeddable":true,"href":"https:\/\/elcronistadigital.com\/index.php?rest_route=\/wp\/v2\/users\/1"}],"replies":[{"embeddable":true,"href":"https:\/\/elcronistadigital.com\/index.php?rest_route=%2Fwp%2Fv2%2Fcomments&post=471"}],"version-history":[{"count":5,"href":"https:\/\/elcronistadigital.com\/index.php?rest_route=\/wp\/v2\/posts\/471\/revisions"}],"predecessor-version":[{"id":477,"href":"https:\/\/elcronistadigital.com\/index.php?rest_route=\/wp\/v2\/posts\/471\/revisions\/477"}],"wp:featuredmedia":[{"embeddable":true,"href":"https:\/\/elcronistadigital.com\/index.php?rest_route=\/wp\/v2\/media\/472"}],"wp:attachment":[{"href":"https:\/\/elcronistadigital.com\/index.php?rest_route=%2Fwp%2Fv2%2Fmedia&parent=471"}],"wp:term":[{"taxonomy":"category","embeddable":true,"href":"https:\/\/elcronistadigital.com\/index.php?rest_route=%2Fwp%2Fv2%2Fcategories&post=471"},{"taxonomy":"post_tag","embeddable":true,"href":"https:\/\/elcronistadigital.com\/index.php?rest_route=%2Fwp%2Fv2%2Ftags&post=471"}],"curies":[{"name":"wp","href":"https:\/\/api.w.org\/{rel}","templated":true}]}}