{"id":47118,"date":"2017-08-04T12:09:20","date_gmt":"2017-08-04T18:09:20","guid":{"rendered":"http:\/\/elcronistadigital.com\/?p=47118"},"modified":"2017-08-04T12:09:20","modified_gmt":"2017-08-04T18:09:20","slug":"carlos-pellas-compra-procredit","status":"publish","type":"post","link":"https:\/\/elcronistadigital.com\/?p=47118","title":{"rendered":"Carlos Pellas compra ProCredit"},"content":{"rendered":"<p><a href=\"https:\/\/elcronistadigital.com\/wp-content\/uploads\/2017\/08\/procredit1.jpg\"><img loading=\"lazy\" decoding=\"async\" class=\"alignleft size-full wp-image-47119\" alt=\"procredit1\" src=\"https:\/\/elcronistadigital.com\/wp-content\/uploads\/2017\/08\/procredit1.jpg\" width=\"450\" height=\"337\" srcset=\"https:\/\/elcronistadigital.com\/wp-content\/uploads\/2017\/08\/procredit1.jpg 450w, https:\/\/elcronistadigital.com\/wp-content\/uploads\/2017\/08\/procredit1-300x224.jpg 300w, https:\/\/elcronistadigital.com\/wp-content\/uploads\/2017\/08\/procredit1-342x256.jpg 342w, https:\/\/elcronistadigital.com\/wp-content\/uploads\/2017\/08\/procredit1-60x45.jpg 60w, https:\/\/elcronistadigital.com\/wp-content\/uploads\/2017\/08\/procredit1-150x113.jpg 150w, https:\/\/elcronistadigital.com\/wp-content\/uploads\/2017\/08\/procredit1-269x201.jpg 269w\" sizes=\"auto, (max-width: 450px) 100vw, 450px\" \/><\/a>Carlos Pellas Chamorro, uno de los empresarios con m\u00e1s dinero en Centroam\u00e9rica, retorn\u00f3 al negocio financiero tras adquirir el banco ProCredit, una instituci\u00f3n nacida en 1999 y que presenta cifras s\u00f3lidas, seg\u00fan lo dicho por sus nuevos due\u00f1os.<\/p>\n<p>La compra la realiz\u00f3 la Corporaci\u00f3n Financiera de Inversiones S.A., liderada por Pellas Chamorro, y anunci\u00f3 que ampliar\u00e1 la oferta de cr\u00e9dito.<\/p>\n<p>La Corporaci\u00f3n asegur\u00f3 en un comunicado que ProCredit \u00abseguir\u00e1 comprometido con brindar la mejor atenci\u00f3n a las necesidades de sus clientes actuales\u00bb y que ampliar\u00e1 su modelo de negocios para ofrecer nuevos productos y servicios mediante la implementaci\u00f3n de tecnolog\u00edas novedosas en sus operaciones, de acuerdo con Efe.<\/p>\n<p>La firma, liderada por Pellas Chamorro, uno de los empresarios m\u00e1s influyentes de Nicaragua y de Centroam\u00e9rica, explic\u00f3 que banco ProCredit tiene sus or\u00edgenes en este pa\u00eds centroamericano en 1999 y que sus operaciones han estado fundamentalmente orientadas a la atenci\u00f3n de la peque\u00f1a y mediana empresa, de una manera social y ambientalmente responsable.<\/p>\n<p>La Corporaci\u00f3n destac\u00f3 que la familia Pellas ha contribuido al bienestar econ\u00f3mico de Nicaragua por 125 a\u00f1os y con la adquisici\u00f3n de ProCredit se pretende apoyar a\u00fan m\u00e1s el crecimiento econ\u00f3mico del pa\u00eds, expandiendo y ampliando la oferta de cr\u00e9dito.<\/p>\n<p>Banco ProCredit, junto con otras entidades financieras internacionales, formaba parte del Grupo ProCredit, controlado por ProCredit Holding AG &amp; Co. KGaA, empresa con sede en Fr\u00e1ncfort, Alemania, de acuerdo a la informaci\u00f3n.<\/p>\n<p>La familia Pellas, que vuelve al negocio financiero, ha tenido una destacada participaci\u00f3n en ese sector desde 1952, cuando junto con otros socios fundaron el Banco de Am\u00e9rica, que fue un icono en esa \u00e9poca para el desarrollo econ\u00f3mico de Nicaragua.<\/p>\n<p>El grupo empresarial Pellas es uno de los m\u00e1s poderosos de Nicaragua y cuenta con negocios en el sector financiero, seguros, agroindustrial, turismo, inform\u00e1tico, energ\u00eda, distribuci\u00f3n de veh\u00edculos, producci\u00f3n y comercializaci\u00f3n de licores.<\/p>\n","protected":false},"excerpt":{"rendered":"<p>Carlos Pellas Chamorro, uno de los empresarios con m\u00e1s dinero en Centroam\u00e9rica, retorn\u00f3 al negocio financiero tras adquirir el banco ProCredit, una instituci\u00f3n nacida en 1999 y que presenta cifras s\u00f3lidas, seg\u00fan lo dicho por sus nuevos due\u00f1os. La compra la realiz\u00f3 la Corporaci\u00f3n Financiera de Inversiones S.A., liderada por Pellas Chamorro, y anunci\u00f3 que [&hellip;]<\/p>\n","protected":false},"author":1,"featured_media":47119,"comment_status":"open","ping_status":"open","sticky":false,"template":"","format":"standard","meta":{"om_disable_all_campaigns":false,"_monsterinsights_skip_tracking":false,"_monsterinsights_sitenote_active":false,"_monsterinsights_sitenote_note":"","_monsterinsights_sitenote_category":0,"footnotes":""},"categories":[4,3524,13],"tags":[],"class_list":["post-47118","post","type-post","status-publish","format-standard","has-post-thumbnail","hentry","category-economia","category-noticas","category-portada"],"aioseo_notices":[],"_links":{"self":[{"href":"https:\/\/elcronistadigital.com\/index.php?rest_route=\/wp\/v2\/posts\/47118","targetHints":{"allow":["GET"]}}],"collection":[{"href":"https:\/\/elcronistadigital.com\/index.php?rest_route=\/wp\/v2\/posts"}],"about":[{"href":"https:\/\/elcronistadigital.com\/index.php?rest_route=\/wp\/v2\/types\/post"}],"author":[{"embeddable":true,"href":"https:\/\/elcronistadigital.com\/index.php?rest_route=\/wp\/v2\/users\/1"}],"replies":[{"embeddable":true,"href":"https:\/\/elcronistadigital.com\/index.php?rest_route=%2Fwp%2Fv2%2Fcomments&post=47118"}],"version-history":[{"count":1,"href":"https:\/\/elcronistadigital.com\/index.php?rest_route=\/wp\/v2\/posts\/47118\/revisions"}],"predecessor-version":[{"id":47120,"href":"https:\/\/elcronistadigital.com\/index.php?rest_route=\/wp\/v2\/posts\/47118\/revisions\/47120"}],"wp:featuredmedia":[{"embeddable":true,"href":"https:\/\/elcronistadigital.com\/index.php?rest_route=\/wp\/v2\/media\/47119"}],"wp:attachment":[{"href":"https:\/\/elcronistadigital.com\/index.php?rest_route=%2Fwp%2Fv2%2Fmedia&parent=47118"}],"wp:term":[{"taxonomy":"category","embeddable":true,"href":"https:\/\/elcronistadigital.com\/index.php?rest_route=%2Fwp%2Fv2%2Fcategories&post=47118"},{"taxonomy":"post_tag","embeddable":true,"href":"https:\/\/elcronistadigital.com\/index.php?rest_route=%2Fwp%2Fv2%2Ftags&post=47118"}],"curies":[{"name":"wp","href":"https:\/\/api.w.org\/{rel}","templated":true}]}}