{"id":47241,"date":"2017-08-25T17:03:37","date_gmt":"2017-08-25T23:03:37","guid":{"rendered":"http:\/\/elcronistadigital.com\/?p=47241"},"modified":"2017-08-25T17:03:37","modified_gmt":"2017-08-25T23:03:37","slug":"fundacion-de-ninez-de-taiwan-apoya-construccion-de-preescolar","status":"publish","type":"post","link":"https:\/\/elcronistadigital.com\/?p=47241","title":{"rendered":"Fundaci\u00f3n de Ni\u00f1ez de Taiw\u00e1n apoya construcci\u00f3n de Preescolar"},"content":{"rendered":"<p><a href=\"https:\/\/elcronistadigital.com\/wp-content\/uploads\/2017\/08\/Preescolar-Estel\u00ed.jpg\"><img loading=\"lazy\" decoding=\"async\" class=\"alignleft size-full wp-image-47242\" alt=\"Preescolar Estel\u00ed\" src=\"https:\/\/elcronistadigital.com\/wp-content\/uploads\/2017\/08\/Preescolar-Estel\u00ed.jpg\" width=\"450\" height=\"253\" srcset=\"https:\/\/elcronistadigital.com\/wp-content\/uploads\/2017\/08\/Preescolar-Estel\u00ed.jpg 450w, https:\/\/elcronistadigital.com\/wp-content\/uploads\/2017\/08\/Preescolar-Estel\u00ed-300x168.jpg 300w, https:\/\/elcronistadigital.com\/wp-content\/uploads\/2017\/08\/Preescolar-Estel\u00ed-342x192.jpg 342w\" sizes=\"auto, (max-width: 450px) 100vw, 450px\" \/><\/a>Este 24 de agosto del a\u00f1o en curso, en el barrio Alexis Arguello, del municipio de Estel\u00ed, se llev\u00f3 a cabo la colocaci\u00f3n de la primera piedra del nuevo Centro de Educaci\u00f3n Inicial (Preescolar), que se construir\u00e1 gracias al apoyo financiero del Fondo Taiwan\u00e9s para la Ni\u00f1ez y las Familias (TFCF).<\/p>\n<p>Dicho local tambi\u00e9n contar\u00e1 con la colaboraci\u00f3n del Ministerio de Educaci\u00f3n (MINED) y el Fondo Cristiano Canadiense para la Ni\u00f1ez (CCFC), el cual tiene como meta beneficiar a m\u00e1s de 150 ni\u00f1as y ni\u00f1os, con un costo total de 70 mil d\u00f3lares.<\/p>\n<p>La colocaci\u00f3n de la primera piedra de este nuevo centro de preescolar, la realizaron el embajador de Taiw\u00e1n Jaime Chin-Mu Wu; el director ejecutivo a Nivel Global del<br \/>\nFondo Cristiano Canadiense Swaleh Karanja y la vicealcaldesa de la Ciudad de Estel\u00ed<br \/>\nSra. Melania Peralta. Tambi\u00e9n cont\u00f3 con la presencia del representante del MINED, de l\u00edderes locales y de los ni\u00f1os que ser\u00e1n beneficiados.<\/p>\n<p>El embajador Wu expres\u00f3 sentirse muy emocionado por este nuevo proyecto, ya que fortalece la relaci\u00f3n bilateral y de amistad entre Taiw\u00e1n y Nicaragua. Igualmente queda plasmado el amor por la ni\u00f1ez y la importancia de su educaci\u00f3n.<\/p>\n<p>Adem\u00e1s manifest\u00f3 la importante labor que ha venido desarrollando el Fondo Taiwan\u00e9s para la Ni\u00f1ez y las Familias en Nicaragua, que desde el 2008 ha venido brindando su apoyo a la ni\u00f1ez m\u00e1s vulnerables de la Cuidad de Estel\u00ed, a trav\u00e9s de la construcci\u00f3n de 5 aulas nuevas de preescolar y el mejoramiento de aulas en otros 3 preescolares; logrando beneficiar hasta la fecha a m\u00e1s de 3,150 ni\u00f1os y ni\u00f1as, con un aporte financiero de anual de US$ 820 mil d\u00f3lares.<\/p>\n<p>El proyecto construir\u00e1 y equipara el preescolar con tres aulas nuevas, patio de recreo adecuado para los ni\u00f1os, acceso a agua potable, mejor ventilaci\u00f3n e iluminaci\u00f3n y servicios sanitarios apropiados para ni\u00f1as y ni\u00f1os. El nuevo centro permitir\u00e1 que la ni\u00f1ez esteliana reciba una educaci\u00f3n en un ambiente agradable y seguro, contribuyendo a mejorar la calidad de vida de todos ellos.<\/p>\n<p>Entre los objetivos de este proyecto est\u00e1 contribuir con los esfuerzos del Gobierno de Nicaragua en la restituci\u00f3n de la educaci\u00f3n y los derechos de la ni\u00f1ez, ayudar a aumentar la matr\u00edcula y asistencia de los ni\u00f1os y respaldar las pr\u00e1cticas de estimulaci\u00f3n educativa temprana.<\/p>\n","protected":false},"excerpt":{"rendered":"<p>Este 24 de agosto del a\u00f1o en curso, en el barrio Alexis Arguello, del municipio de Estel\u00ed, se llev\u00f3 a cabo la colocaci\u00f3n de la primera piedra del nuevo Centro de Educaci\u00f3n Inicial (Preescolar), que se construir\u00e1 gracias al apoyo financiero del Fondo Taiwan\u00e9s para la Ni\u00f1ez y las Familias (TFCF). Dicho local tambi\u00e9n contar\u00e1 [&hellip;]<\/p>\n","protected":false},"author":1,"featured_media":47242,"comment_status":"open","ping_status":"open","sticky":false,"template":"","format":"standard","meta":{"om_disable_all_campaigns":false,"_monsterinsights_skip_tracking":false,"_monsterinsights_sitenote_active":false,"_monsterinsights_sitenote_note":"","_monsterinsights_sitenote_category":0,"footnotes":""},"categories":[3,3524],"tags":[],"class_list":["post-47241","post","type-post","status-publish","format-standard","has-post-thumbnail","hentry","category-nacionales","category-noticas"],"aioseo_notices":[],"_links":{"self":[{"href":"https:\/\/elcronistadigital.com\/index.php?rest_route=\/wp\/v2\/posts\/47241","targetHints":{"allow":["GET"]}}],"collection":[{"href":"https:\/\/elcronistadigital.com\/index.php?rest_route=\/wp\/v2\/posts"}],"about":[{"href":"https:\/\/elcronistadigital.com\/index.php?rest_route=\/wp\/v2\/types\/post"}],"author":[{"embeddable":true,"href":"https:\/\/elcronistadigital.com\/index.php?rest_route=\/wp\/v2\/users\/1"}],"replies":[{"embeddable":true,"href":"https:\/\/elcronistadigital.com\/index.php?rest_route=%2Fwp%2Fv2%2Fcomments&post=47241"}],"version-history":[{"count":1,"href":"https:\/\/elcronistadigital.com\/index.php?rest_route=\/wp\/v2\/posts\/47241\/revisions"}],"predecessor-version":[{"id":47243,"href":"https:\/\/elcronistadigital.com\/index.php?rest_route=\/wp\/v2\/posts\/47241\/revisions\/47243"}],"wp:featuredmedia":[{"embeddable":true,"href":"https:\/\/elcronistadigital.com\/index.php?rest_route=\/wp\/v2\/media\/47242"}],"wp:attachment":[{"href":"https:\/\/elcronistadigital.com\/index.php?rest_route=%2Fwp%2Fv2%2Fmedia&parent=47241"}],"wp:term":[{"taxonomy":"category","embeddable":true,"href":"https:\/\/elcronistadigital.com\/index.php?rest_route=%2Fwp%2Fv2%2Fcategories&post=47241"},{"taxonomy":"post_tag","embeddable":true,"href":"https:\/\/elcronistadigital.com\/index.php?rest_route=%2Fwp%2Fv2%2Ftags&post=47241"}],"curies":[{"name":"wp","href":"https:\/\/api.w.org\/{rel}","templated":true}]}}