{"id":47434,"date":"2017-09-30T10:06:48","date_gmt":"2017-09-30T16:06:48","guid":{"rendered":"http:\/\/elcronistadigital.com\/?p=47434"},"modified":"2017-09-30T10:07:39","modified_gmt":"2017-09-30T16:07:39","slug":"se-fortalece-el-hato-ganadero","status":"publish","type":"post","link":"https:\/\/elcronistadigital.com\/?p=47434","title":{"rendered":"Se fortalece el hato ganadero"},"content":{"rendered":"<p><a href=\"https:\/\/elcronistadigital.com\/wp-content\/uploads\/2017\/09\/ganado-Mobile.jpg\"><img loading=\"lazy\" decoding=\"async\" class=\"alignleft size-full wp-image-47435\" alt=\"ganado (Mobile)\" src=\"https:\/\/elcronistadigital.com\/wp-content\/uploads\/2017\/09\/ganado-Mobile.jpg\" width=\"427\" height=\"320\" srcset=\"https:\/\/elcronistadigital.com\/wp-content\/uploads\/2017\/09\/ganado-Mobile.jpg 427w, https:\/\/elcronistadigital.com\/wp-content\/uploads\/2017\/09\/ganado-Mobile-300x224.jpg 300w, https:\/\/elcronistadigital.com\/wp-content\/uploads\/2017\/09\/ganado-Mobile-342x256.jpg 342w, https:\/\/elcronistadigital.com\/wp-content\/uploads\/2017\/09\/ganado-Mobile-60x45.jpg 60w, https:\/\/elcronistadigital.com\/wp-content\/uploads\/2017\/09\/ganado-Mobile-150x113.jpg 150w, https:\/\/elcronistadigital.com\/wp-content\/uploads\/2017\/09\/ganado-Mobile-269x201.jpg 269w\" sizes=\"auto, (max-width: 427px) 100vw, 427px\" \/><\/a>Nicaragua exhibe un crecimiento s\u00f3lido de la actividad pecuaria, con m\u00e1s de 5,4 millones de cabezas de ganado vacuno, asegur\u00f3 el viernes el viceministro del rubro, Isidro Rivera.<\/p>\n<p>Ahora vemos los nuevos sistemas de ceba para el tema de la carne, y todav\u00eda hay retos ah\u00ed y hay retos en la leche, se\u00f1al\u00f3 el funcionario, al puntualizar que el pa\u00eds cuenta con un mejor manejo de la ganader\u00eda.<\/p>\n<p>Rivera resalt\u00f3 la existencia de un &#8216;hato fuerte&#8217; que garantiza el futuro del sector, con un crecimiento significativo de los pastos cultivados.<\/p>\n<p>Entretanto, el titular de la Uni\u00f3n de Productores Agropecuario de Nicaragua, Michael Healy, reconoci\u00f3 el desarrollo de la ganader\u00eda en el pa\u00eds en los a\u00f1os recientes, gracias a la inversi\u00f3n de los productores en mejoramiento gen\u00e9tico y sistemas de cosechas de agua.<\/p>\n<p>Esto ha venido a facilitar mucho lo que es el crecimiento del sector, expres\u00f3, al resaltar las potencialidades, &#8216;no solo en la parte de la calidad de la carne, sino tambi\u00e9n en c\u00f3mo contrarrestar el cambio clim\u00e1tico&#8217;.<\/p>\n<p>Fuente: Prensa Latina.<\/p>\n","protected":false},"excerpt":{"rendered":"<p>Nicaragua exhibe un crecimiento s\u00f3lido de la actividad pecuaria, con m\u00e1s de 5,4 millones de cabezas de ganado vacuno, asegur\u00f3 el viernes el viceministro del rubro, Isidro Rivera. Ahora vemos los nuevos sistemas de ceba para el tema de la carne, y todav\u00eda hay retos ah\u00ed y hay retos en la leche, se\u00f1al\u00f3 el funcionario, [&hellip;]<\/p>\n","protected":false},"author":1,"featured_media":47435,"comment_status":"open","ping_status":"open","sticky":false,"template":"","format":"standard","meta":{"om_disable_all_campaigns":false,"_monsterinsights_skip_tracking":false,"_monsterinsights_sitenote_active":false,"_monsterinsights_sitenote_note":"","_monsterinsights_sitenote_category":0,"footnotes":""},"categories":[4,3524,13],"tags":[],"class_list":["post-47434","post","type-post","status-publish","format-standard","has-post-thumbnail","hentry","category-economia","category-noticas","category-portada"],"aioseo_notices":[],"_links":{"self":[{"href":"https:\/\/elcronistadigital.com\/index.php?rest_route=\/wp\/v2\/posts\/47434","targetHints":{"allow":["GET"]}}],"collection":[{"href":"https:\/\/elcronistadigital.com\/index.php?rest_route=\/wp\/v2\/posts"}],"about":[{"href":"https:\/\/elcronistadigital.com\/index.php?rest_route=\/wp\/v2\/types\/post"}],"author":[{"embeddable":true,"href":"https:\/\/elcronistadigital.com\/index.php?rest_route=\/wp\/v2\/users\/1"}],"replies":[{"embeddable":true,"href":"https:\/\/elcronistadigital.com\/index.php?rest_route=%2Fwp%2Fv2%2Fcomments&post=47434"}],"version-history":[{"count":2,"href":"https:\/\/elcronistadigital.com\/index.php?rest_route=\/wp\/v2\/posts\/47434\/revisions"}],"predecessor-version":[{"id":47437,"href":"https:\/\/elcronistadigital.com\/index.php?rest_route=\/wp\/v2\/posts\/47434\/revisions\/47437"}],"wp:featuredmedia":[{"embeddable":true,"href":"https:\/\/elcronistadigital.com\/index.php?rest_route=\/wp\/v2\/media\/47435"}],"wp:attachment":[{"href":"https:\/\/elcronistadigital.com\/index.php?rest_route=%2Fwp%2Fv2%2Fmedia&parent=47434"}],"wp:term":[{"taxonomy":"category","embeddable":true,"href":"https:\/\/elcronistadigital.com\/index.php?rest_route=%2Fwp%2Fv2%2Fcategories&post=47434"},{"taxonomy":"post_tag","embeddable":true,"href":"https:\/\/elcronistadigital.com\/index.php?rest_route=%2Fwp%2Fv2%2Ftags&post=47434"}],"curies":[{"name":"wp","href":"https:\/\/api.w.org\/{rel}","templated":true}]}}