{"id":4777,"date":"2012-01-03T19:44:13","date_gmt":"2012-01-04T01:44:13","guid":{"rendered":"http:\/\/elcronistadigital.com\/?p=4777"},"modified":"2012-01-03T19:44:13","modified_gmt":"2012-01-04T01:44:13","slug":"se-inauguro-parque-en-honor-al-dr-sun-yat-sen","status":"publish","type":"post","link":"https:\/\/elcronistadigital.com\/?p=4777","title":{"rendered":"Se inaugur\u00f3 parque en honor al Dr. Sun Yat-Sen"},"content":{"rendered":"<div id=\"attachment_4778\" style=\"width: 310px\" class=\"wp-caption alignright\"><a rel=\"attachment wp-att-4778\" href=\"https:\/\/elcronistadigital.com\/?attachment_id=4778\"><img loading=\"lazy\" decoding=\"async\" aria-describedby=\"caption-attachment-4778\" class=\"size-medium wp-image-4778\" title=\"Palabras de Embajadora\" src=\"https:\/\/elcronistadigital.com\/wp-content\/uploads\/2012\/01\/Palabras-de-Embajadora-300x253.jpg\" alt=\"\" width=\"300\" height=\"253\" srcset=\"https:\/\/elcronistadigital.com\/wp-content\/uploads\/2012\/01\/Palabras-de-Embajadora-300x253.jpg 300w, https:\/\/elcronistadigital.com\/wp-content\/uploads\/2012\/01\/Palabras-de-Embajadora-342x288.jpg 342w, https:\/\/elcronistadigital.com\/wp-content\/uploads\/2012\/01\/Palabras-de-Embajadora.jpg 569w\" sizes=\"auto, (max-width: 300px) 100vw, 300px\" \/><\/a><p id=\"caption-attachment-4778\" class=\"wp-caption-text\">Embajadora de Taiw\u00e1n, Sra. Ingrid Hsing.<\/p><\/div>\n<div id=\"attachment_4779\" style=\"width: 310px\" class=\"wp-caption alignleft\"><a rel=\"attachment wp-att-4779\" href=\"https:\/\/elcronistadigital.com\/?attachment_id=4779\"><img loading=\"lazy\" decoding=\"async\" aria-describedby=\"caption-attachment-4779\" class=\"size-medium wp-image-4779\" title=\"Vista del Parque Dr. Sun Yat Sen\" src=\"https:\/\/elcronistadigital.com\/wp-content\/uploads\/2012\/01\/Vista-del-Parque-Dr.-Sun-Yat-Sen-300x199.jpg\" alt=\"\" width=\"300\" height=\"199\" srcset=\"https:\/\/elcronistadigital.com\/wp-content\/uploads\/2012\/01\/Vista-del-Parque-Dr.-Sun-Yat-Sen-300x199.jpg 300w, https:\/\/elcronistadigital.com\/wp-content\/uploads\/2012\/01\/Vista-del-Parque-Dr.-Sun-Yat-Sen-342x227.jpg 342w, https:\/\/elcronistadigital.com\/wp-content\/uploads\/2012\/01\/Vista-del-Parque-Dr.-Sun-Yat-Sen.jpg 640w\" sizes=\"auto, (max-width: 300px) 100vw, 300px\" \/><\/a><p id=\"caption-attachment-4779\" class=\"wp-caption-text\">Vista del Parque Dr. Sun Yat Sen.<\/p><\/div>\n<p>La Embajada de la Rep\u00fablica de China (Taiw\u00e1n) y el Comit\u00e9 Organizador de la Celebraci\u00f3n del Centenario de la Rep\u00fablica de China, llevaron a cabo la inauguraci\u00f3n del Parque en Honor al Dr. Sun Yat -Sen, padre fundador, creador del pensamiento filos\u00f3fico de \u201clos tres principios del pueblo\u201d y gu\u00eda de la primera rep\u00fablica democr\u00e1tica del Continente Asi\u00e1tico.<\/p>\n<p>Durante la inauguraci\u00f3n se realiz\u00f3 un corte de cinta, se izaron las banderas de la Rep\u00fablica de China y de Nicaragua y se llev\u00f3 a cabo la develaci\u00f3n de la estatua en honor al Dr. Sun Yat Sen, obsequiada por la nieta del padre fundador.<\/p>\n<p>La inauguraci\u00f3n fue presidida por la embajadora de Taiw\u00e1n, Sra. Ingrid Hsing; la alcaldesa de Managua, Sra. Daysi Torres; el presidente de la Asamblea Nacional, Sr. Ren\u00e9 N\u00fa\u00f1ez; la presidenta de la Asociaci\u00f3n China Nicarag\u00fcense, Sra. Mar\u00eda Luisa Lau; el director ejecutivo del Comit\u00e9 Organizador de la Celebraci\u00f3n del Centenario de la Rep\u00fablica de China, Sr. Gilberto Wong y el vicepresidente de la C\u00e1mara de Comercio Taiwanesa, Sr. Joseph Yang.<\/p>\n<p>La embajadora Hsing expres\u00f3 que el primero de enero de 1912, se jurament\u00f3 al Dr. Sun Yat-Sen, como el primer presidente de la Rep\u00fablica de China. Tambi\u00e9n dijo que agradec\u00eda profundamente el esfuerzo conjunto a todas las personas que se han sumado a nuestro esfuerzo por erigir este parque en memoria de un pr\u00f3cer que nos ha inspirado a todos. Agradeci\u00f3 el invaluable apoyo de la Alcald\u00eda de Managua, que a trav\u00e9s de su edil, nos ha mostrado el aprecio incondicional del pueblo nicarag\u00fcense para nuestra naci\u00f3n.<\/p>\n<p>Por su parte, la alcaldesa de Managua Daysi Torres, destac\u00f3 los m\u00e9ritos del gobierno de Taiw\u00e1n, pues a trav\u00e9s de ese peque\u00f1o granito de arena, el aporte de la comuna capitalina y de otros miembros de la comunidad china, se est\u00e1 inaugurando este parque en honor al fundador de la Rep\u00fablica de China. De igual manera se comprometi\u00f3\u00a0 a continuar apoyando la segunda etapa de este parque, pues ha percibido el enorme esfuerzo que hizo la Embajada para concluir esta primera etapa.<\/p>\n<p>En dicha inauguraci\u00f3n tambi\u00e9n estuvieron presentes el ministro de Hacienda Sr. Alberto Guevara; el ministro del Mific, Sr. Orlando Sol\u00f3rzano; la Secretaria General del Ministerio de Defensa, Sra. Ruth Tapia Roa; representantes de la C\u00e1mara de Comercio Nica-Taiwanesa; Comit\u00e9 de ex Becarios; Asociaci\u00f3n China Nicarag\u00fcense y C\u00e1mara de Comercio Taiwanesa, entre otras organizaciones.<\/p>\n<p>El parque est\u00e1 ubicado frente a la sede de la Embajada o del Casino Faraon 2c abajo y \u00bd al lago.<\/p>\n","protected":false},"excerpt":{"rendered":"<p>La Embajada de la Rep\u00fablica de China (Taiw\u00e1n) y el Comit\u00e9 Organizador de la Celebraci\u00f3n del Centenario de la Rep\u00fablica de China, llevaron a cabo la inauguraci\u00f3n del Parque en Honor al Dr. Sun Yat -Sen, padre fundador, creador del pensamiento filos\u00f3fico de \u201clos tres principios del pueblo\u201d y gu\u00eda de la primera rep\u00fablica democr\u00e1tica [&hellip;]<\/p>\n","protected":false},"author":1,"featured_media":4779,"comment_status":"open","ping_status":"open","sticky":false,"template":"","format":"standard","meta":{"om_disable_all_campaigns":false,"_monsterinsights_skip_tracking":false,"_monsterinsights_sitenote_active":false,"_monsterinsights_sitenote_note":"","_monsterinsights_sitenote_category":0,"footnotes":""},"categories":[3,13],"tags":[],"class_list":["post-4777","post","type-post","status-publish","format-standard","has-post-thumbnail","hentry","category-nacionales","category-portada"],"aioseo_notices":[],"_links":{"self":[{"href":"https:\/\/elcronistadigital.com\/index.php?rest_route=\/wp\/v2\/posts\/4777","targetHints":{"allow":["GET"]}}],"collection":[{"href":"https:\/\/elcronistadigital.com\/index.php?rest_route=\/wp\/v2\/posts"}],"about":[{"href":"https:\/\/elcronistadigital.com\/index.php?rest_route=\/wp\/v2\/types\/post"}],"author":[{"embeddable":true,"href":"https:\/\/elcronistadigital.com\/index.php?rest_route=\/wp\/v2\/users\/1"}],"replies":[{"embeddable":true,"href":"https:\/\/elcronistadigital.com\/index.php?rest_route=%2Fwp%2Fv2%2Fcomments&post=4777"}],"version-history":[{"count":3,"href":"https:\/\/elcronistadigital.com\/index.php?rest_route=\/wp\/v2\/posts\/4777\/revisions"}],"predecessor-version":[{"id":4782,"href":"https:\/\/elcronistadigital.com\/index.php?rest_route=\/wp\/v2\/posts\/4777\/revisions\/4782"}],"wp:featuredmedia":[{"embeddable":true,"href":"https:\/\/elcronistadigital.com\/index.php?rest_route=\/wp\/v2\/media\/4779"}],"wp:attachment":[{"href":"https:\/\/elcronistadigital.com\/index.php?rest_route=%2Fwp%2Fv2%2Fmedia&parent=4777"}],"wp:term":[{"taxonomy":"category","embeddable":true,"href":"https:\/\/elcronistadigital.com\/index.php?rest_route=%2Fwp%2Fv2%2Fcategories&post=4777"},{"taxonomy":"post_tag","embeddable":true,"href":"https:\/\/elcronistadigital.com\/index.php?rest_route=%2Fwp%2Fv2%2Ftags&post=4777"}],"curies":[{"name":"wp","href":"https:\/\/api.w.org\/{rel}","templated":true}]}}