{"id":4784,"date":"2012-01-05T15:21:10","date_gmt":"2012-01-05T21:21:10","guid":{"rendered":"http:\/\/elcronistadigital.com\/?p=4784"},"modified":"2012-01-05T15:21:10","modified_gmt":"2012-01-05T21:21:10","slug":"el-calendario-del-%e2%80%9cfin-del-mundo%e2%80%9d","status":"publish","type":"post","link":"https:\/\/elcronistadigital.com\/?p=4784","title":{"rendered":"El calendario del \u201cfin del mundo\u201d"},"content":{"rendered":"<div id=\"attachment_4785\" style=\"width: 310px\" class=\"wp-caption alignleft\"><a rel=\"attachment wp-att-4785\" href=\"https:\/\/elcronistadigital.com\/?attachment_id=4785\"><img loading=\"lazy\" decoding=\"async\" aria-describedby=\"caption-attachment-4785\" class=\"size-medium wp-image-4785\" title=\"Calendario del fin del mundo\" src=\"https:\/\/elcronistadigital.com\/wp-content\/uploads\/2012\/01\/Calendario-del-fin-del-mundo-300x298.jpg\" alt=\"\" width=\"300\" height=\"298\" srcset=\"https:\/\/elcronistadigital.com\/wp-content\/uploads\/2012\/01\/Calendario-del-fin-del-mundo-300x298.jpg 300w, https:\/\/elcronistadigital.com\/wp-content\/uploads\/2012\/01\/Calendario-del-fin-del-mundo-150x150.jpg 150w, https:\/\/elcronistadigital.com\/wp-content\/uploads\/2012\/01\/Calendario-del-fin-del-mundo-50x50.jpg 50w, https:\/\/elcronistadigital.com\/wp-content\/uploads\/2012\/01\/Calendario-del-fin-del-mundo-342x339.jpg 342w, https:\/\/elcronistadigital.com\/wp-content\/uploads\/2012\/01\/Calendario-del-fin-del-mundo-70x70.jpg 70w, https:\/\/elcronistadigital.com\/wp-content\/uploads\/2012\/01\/Calendario-del-fin-del-mundo-55x55.jpg 55w, https:\/\/elcronistadigital.com\/wp-content\/uploads\/2012\/01\/Calendario-del-fin-del-mundo.jpg 640w\" sizes=\"auto, (max-width: 300px) 100vw, 300px\" \/><\/a><p id=\"caption-attachment-4785\" class=\"wp-caption-text\">El calendario del &quot;fin del mundo&quot;.<\/p><\/div>\n<p>Los doce meses del Apocalipsis es el nombre de este calendario de inspiraci\u00f3n maya-pop creado por los dise\u00f1adores de Moon in June. Rico en detalles \u00e9tnicos y muy futuristas, te acompa\u00f1ar\u00e1 hasta el 21 de diciembre de 2012, fecha en la que finaliza el famoso almanaque ancestral.<br \/>\nParece dif\u00edcil de descifrar, pero sinceramente su lectura es muy simple. Cada mes cuenta con una rueda de ilustraciones en las que los domingos est\u00e1n destacados con un color distinto.<br \/>\nAs\u00ed, esqueletos, alien\u00edgenas, planetas en llamas, soles, cohetes, naves espaciales, volcanes en erupci\u00f3n, s\u00edmbolos de radioactividad y manos pidiendo ayuda, inundan este encantador -y escalofriante- trabajo ic\u00f3nico impreso que nada tiene que envidiarle a un elaborado tapiz.<br \/>\nEst\u00e1 a la venta en la tienda de Moon in June en Etsy, y podr\u00e1s tenerlo -y disfrutarlo- \u201chasta que la muerte los separe\u201d.<\/p>\n","protected":false},"excerpt":{"rendered":"<p>Los doce meses del Apocalipsis es el nombre de este calendario de inspiraci\u00f3n maya-pop creado por los dise\u00f1adores de Moon in June. Rico en detalles \u00e9tnicos y muy futuristas, te acompa\u00f1ar\u00e1 hasta el 21 de diciembre de 2012, fecha en la que finaliza el famoso almanaque ancestral. Parece dif\u00edcil de descifrar, pero sinceramente su lectura [&hellip;]<\/p>\n","protected":false},"author":1,"featured_media":4785,"comment_status":"open","ping_status":"open","sticky":false,"template":"","format":"standard","meta":{"om_disable_all_campaigns":false,"_monsterinsights_skip_tracking":false,"_monsterinsights_sitenote_active":false,"_monsterinsights_sitenote_note":"","_monsterinsights_sitenote_category":0,"footnotes":""},"categories":[13],"tags":[],"class_list":["post-4784","post","type-post","status-publish","format-standard","has-post-thumbnail","hentry","category-portada"],"aioseo_notices":[],"_links":{"self":[{"href":"https:\/\/elcronistadigital.com\/index.php?rest_route=\/wp\/v2\/posts\/4784","targetHints":{"allow":["GET"]}}],"collection":[{"href":"https:\/\/elcronistadigital.com\/index.php?rest_route=\/wp\/v2\/posts"}],"about":[{"href":"https:\/\/elcronistadigital.com\/index.php?rest_route=\/wp\/v2\/types\/post"}],"author":[{"embeddable":true,"href":"https:\/\/elcronistadigital.com\/index.php?rest_route=\/wp\/v2\/users\/1"}],"replies":[{"embeddable":true,"href":"https:\/\/elcronistadigital.com\/index.php?rest_route=%2Fwp%2Fv2%2Fcomments&post=4784"}],"version-history":[{"count":3,"href":"https:\/\/elcronistadigital.com\/index.php?rest_route=\/wp\/v2\/posts\/4784\/revisions"}],"predecessor-version":[{"id":4788,"href":"https:\/\/elcronistadigital.com\/index.php?rest_route=\/wp\/v2\/posts\/4784\/revisions\/4788"}],"wp:featuredmedia":[{"embeddable":true,"href":"https:\/\/elcronistadigital.com\/index.php?rest_route=\/wp\/v2\/media\/4785"}],"wp:attachment":[{"href":"https:\/\/elcronistadigital.com\/index.php?rest_route=%2Fwp%2Fv2%2Fmedia&parent=4784"}],"wp:term":[{"taxonomy":"category","embeddable":true,"href":"https:\/\/elcronistadigital.com\/index.php?rest_route=%2Fwp%2Fv2%2Fcategories&post=4784"},{"taxonomy":"post_tag","embeddable":true,"href":"https:\/\/elcronistadigital.com\/index.php?rest_route=%2Fwp%2Fv2%2Ftags&post=4784"}],"curies":[{"name":"wp","href":"https:\/\/api.w.org\/{rel}","templated":true}]}}