{"id":4794,"date":"2012-01-05T15:41:39","date_gmt":"2012-01-05T21:41:39","guid":{"rendered":"http:\/\/elcronistadigital.com\/?p=4794"},"modified":"2012-01-05T15:41:39","modified_gmt":"2012-01-05T21:41:39","slug":"la-violencia-en-brasil-y-mexico-una-comparacion","status":"publish","type":"post","link":"https:\/\/elcronistadigital.com\/?p=4794","title":{"rendered":"La violencia en Brasil y M\u00e9xico: una comparaci\u00f3n"},"content":{"rendered":"<p><a rel=\"attachment wp-att-4795\" href=\"https:\/\/elcronistadigital.com\/?attachment_id=4795\"><img loading=\"lazy\" decoding=\"async\" class=\"alignleft size-medium wp-image-4795\" title=\"violencia_mex\" src=\"https:\/\/elcronistadigital.com\/wp-content\/uploads\/2012\/01\/violencia_mex-300x199.jpg\" alt=\"\" width=\"300\" height=\"199\" srcset=\"https:\/\/elcronistadigital.com\/wp-content\/uploads\/2012\/01\/violencia_mex-300x199.jpg 300w, https:\/\/elcronistadigital.com\/wp-content\/uploads\/2012\/01\/violencia_mex-342x226.jpg 342w, https:\/\/elcronistadigital.com\/wp-content\/uploads\/2012\/01\/violencia_mex.jpg 550w\" sizes=\"auto, (max-width: 300px) 100vw, 300px\" \/><\/a>Rub\u00e9n Aguilar Valenzuela<br \/>\nEn los \u00faltimos 30 a\u00f1os han sido asesinados 1 mill\u00f3n 100,000 brasile\u00f1os y los \u00edndices de violencia han aumentado de 11.7 asesinatos dolosos por cada 100,000 habitantes en 1980 a 26.2 en el 2011, de acuerdo con el Instituto Sangari de Sao Paulo.<br \/>\nLos \u00edndices de violencia en M\u00e9xico iban en sentido contrario a lo que ocurr\u00eda en Brasil y as\u00ed de 30 cr\u00edmenes dolosos por 100,000 habitantes a principios de los a\u00f1os 60, en una constante disminuci\u00f3n, se pas\u00f3 a ocho en el 2005, el m\u00e1s bajo en la historia del pa\u00eds.<\/p>\n<p>La situaci\u00f3n cambia de manera dram\u00e1tica con la llegada del presidente Felipe Calder\u00f3n. En su gobierno los \u00edndices de violencia han pasado de ocho asesinatos dolosos por 100,000 habitantes a 18 en el 2010, que supone un crecimiento de m\u00e1s de 100 por ciento.<\/p>\n<p>Es el resultado del fracaso de su estrategia de \u201cguerra\u201d contra el narcotr\u00e1fico, que ha producido en cinco a\u00f1os m\u00e1s de 50,000 asesinatos y a pesar de eso todav\u00eda resulta inferior a la que registra Brasil.<br \/>\nEn Am\u00e9rica del Sur la violencia de Brasil s\u00f3lo es superada por la de Venezuela, que es la m\u00e1s grande, con 70 homicidios dolosos por 100,000 habitantes, y Colombia con 40, de acuerdo con datos de organismos internacionales y tambi\u00e9n locales.<br \/>\nEl estudio del Instituto Sangari muestra que los asesinatos ascienden a 137 por d\u00eda y a cuatro por hora y tambi\u00e9n que la violencia ha aumentado, a\u00f1o con a\u00f1o, en todas los estados del Brasil, salvo los casos de R\u00edo de Janeiro y Sao Paulo.<\/p>\n<p>Los estados pobres del noreste brasile\u00f1o, que en los \u00faltimos 10 a\u00f1os han recibido las mayores inversiones econ\u00f3micas y donde se han implementado todas las pol\u00edticas sociales, son los que sufren los mayores niveles de violencia.<\/p>\n<p>En el estado de Bah\u00eda el \u00edndice de violencia ha crecido en 303 % y en Paran\u00e1 en 252 por ciento. Los expertos sostienen que el aumento de la criminalidad est\u00e1 asociado al desarrollo econ\u00f3mico en la region, que atrae al crimen organizado.<br \/>\nLos cr\u00edmenes dolosos por 100,000 habitantes han pasado en el estado de R\u00edo de Janeiro de 51 a 26.2, que coincide con la media nacional, y en Sao Paulo de 42.2 a 13.9, que es la mitad de la media.<\/p>\n<p>La explicaci\u00f3n que dan los expertos es que en estos estados ha funcionado la campa\u00f1a de desarme de la poblaci\u00f3n, la pol\u00edtica de inversi\u00f3n en seguridad p\u00fablica y las pol\u00edticas estatales contra la violencia.<\/p>\n<p>A pesar de que los \u00edndices de violencia de Brasil han sido y son superiores a los de M\u00e9xico, a nivel local poco se habla de los mismos y a nivel internacional es un tema que tiene muy escasa exposici\u00f3n en los medios.<\/p>\n<p>La percepci\u00f3n distinta sobre la violencia radica en el tipo de cobertura de los medios, pero sobre todo en la importancia que los gobiernos dan al tema. En la agenda del presidente Calder\u00f3n es el central y para los presidentes de Brasil, simplemente no existe.<\/p>\n","protected":false},"excerpt":{"rendered":"<p>Rub\u00e9n Aguilar Valenzuela En los \u00faltimos 30 a\u00f1os han sido asesinados 1 mill\u00f3n 100,000 brasile\u00f1os y los \u00edndices de violencia han aumentado de 11.7 asesinatos dolosos por cada 100,000 habitantes en 1980 a 26.2 en el 2011, de acuerdo con el Instituto Sangari de Sao Paulo. Los \u00edndices de violencia en M\u00e9xico iban en sentido [&hellip;]<\/p>\n","protected":false},"author":1,"featured_media":4795,"comment_status":"open","ping_status":"open","sticky":false,"template":"","format":"standard","meta":{"om_disable_all_campaigns":false,"_monsterinsights_skip_tracking":false,"_monsterinsights_sitenote_active":false,"_monsterinsights_sitenote_note":"","_monsterinsights_sitenote_category":0,"footnotes":""},"categories":[5],"tags":[],"class_list":["post-4794","post","type-post","status-publish","format-standard","has-post-thumbnail","hentry","category-mundo"],"aioseo_notices":[],"_links":{"self":[{"href":"https:\/\/elcronistadigital.com\/index.php?rest_route=\/wp\/v2\/posts\/4794","targetHints":{"allow":["GET"]}}],"collection":[{"href":"https:\/\/elcronistadigital.com\/index.php?rest_route=\/wp\/v2\/posts"}],"about":[{"href":"https:\/\/elcronistadigital.com\/index.php?rest_route=\/wp\/v2\/types\/post"}],"author":[{"embeddable":true,"href":"https:\/\/elcronistadigital.com\/index.php?rest_route=\/wp\/v2\/users\/1"}],"replies":[{"embeddable":true,"href":"https:\/\/elcronistadigital.com\/index.php?rest_route=%2Fwp%2Fv2%2Fcomments&post=4794"}],"version-history":[{"count":3,"href":"https:\/\/elcronistadigital.com\/index.php?rest_route=\/wp\/v2\/posts\/4794\/revisions"}],"predecessor-version":[{"id":4798,"href":"https:\/\/elcronistadigital.com\/index.php?rest_route=\/wp\/v2\/posts\/4794\/revisions\/4798"}],"wp:featuredmedia":[{"embeddable":true,"href":"https:\/\/elcronistadigital.com\/index.php?rest_route=\/wp\/v2\/media\/4795"}],"wp:attachment":[{"href":"https:\/\/elcronistadigital.com\/index.php?rest_route=%2Fwp%2Fv2%2Fmedia&parent=4794"}],"wp:term":[{"taxonomy":"category","embeddable":true,"href":"https:\/\/elcronistadigital.com\/index.php?rest_route=%2Fwp%2Fv2%2Fcategories&post=4794"},{"taxonomy":"post_tag","embeddable":true,"href":"https:\/\/elcronistadigital.com\/index.php?rest_route=%2Fwp%2Fv2%2Ftags&post=4794"}],"curies":[{"name":"wp","href":"https:\/\/api.w.org\/{rel}","templated":true}]}}