{"id":4799,"date":"2012-01-05T17:33:54","date_gmt":"2012-01-05T23:33:54","guid":{"rendered":"http:\/\/elcronistadigital.com\/?p=4799"},"modified":"2012-01-05T17:33:54","modified_gmt":"2012-01-05T23:33:54","slug":"hogar-zacarias-guerra-y-casa-pellas-entregan-corolla-2012","status":"publish","type":"post","link":"https:\/\/elcronistadigital.com\/?p=4799","title":{"rendered":"Hogar Zacar\u00edas Guerra y Casa Pellas entregan Corolla 2012"},"content":{"rendered":"<p><a rel=\"attachment wp-att-4800\" href=\"https:\/\/elcronistadigital.com\/?attachment_id=4800\"><img loading=\"lazy\" decoding=\"async\" class=\"alignleft size-medium wp-image-4800\" title=\"Pellas\" src=\"https:\/\/elcronistadigital.com\/wp-content\/uploads\/2012\/01\/Pellas-300x203.jpg\" alt=\"\" width=\"300\" height=\"203\" srcset=\"https:\/\/elcronistadigital.com\/wp-content\/uploads\/2012\/01\/Pellas-300x203.jpg 300w, https:\/\/elcronistadigital.com\/wp-content\/uploads\/2012\/01\/Pellas-342x231.jpg 342w, https:\/\/elcronistadigital.com\/wp-content\/uploads\/2012\/01\/Pellas.jpg 443w\" sizes=\"auto, (max-width: 300px) 100vw, 300px\" \/><\/a>El Hogar Zacar\u00edas Guerra en conjunto con Casa Pellas, hizo entrega del Corolla 2012 a la Sra. Mar\u00eda Patricia Espinosa, ganadora del sorteo realizado a beneficio del Hogar, con la acci\u00f3n No. 938.<\/p>\n<p>Durante la entrega del premio, el Padre Jos\u00e9 Ram\u00edrez Varela (\u201cPadre Joselito\u201d), Director General del Hogar Zacar\u00edas Guerra, expres\u00f3 su satisfacci\u00f3n con los resultados del sorteo. \u201cEn nombre de toda la Junta Directiva, agradecemos a todas las personas de buen coraz\u00f3n que participaron en la rifa de este auto que permitir\u00e1 conseguir fondos para ayudar a m\u00e1s de 500 ni\u00f1os y j\u00f3venes que son atendidos en el Hogar, especialmente los participantes del Programa Conecta Joven\u201d, expres\u00f3.<\/p>\n<p>La idea de la rifa del autom\u00f3vil surgi\u00f3 de la Sra. Roxana Sol\u00f3rzano de Arg\u00fcello, quien luego de conocer las grandes necesidades del Hogar Zacar\u00edas Guerra, se vio motivada a contribuir con la obra. Sol\u00f3rzano convers\u00f3 con la gerencia de Casa Pellas, empresa que cedi\u00f3 el veh\u00edculo al costo como parte de su compromiso social. El costo de la acci\u00f3n era de US$ 75 d\u00f3lares.<\/p>\n<p>\u201cNos complace apoyar una vez m\u00e1s a esta gran obra y estamos comprometidos a continuar apoy\u00e1ndoles\u201d, se\u00f1al\u00f3 Samantha Duarte, Jefa de Responsabilidad Social Corporativa de Grupo Casa Pellas.<\/p>\n<p>El Hogar Zacar\u00edas Guerra es una instituci\u00f3n privada sin fines de lucro fundada en 1914, dirigida por una Junta Directiva, y bajo la direcci\u00f3n ejecutiva de los Religiosos Terciarios Capuchinos, quienes educan integralmente a estos Ni\u00f1os y Adolescentes, v\u00edctimas del maltrato, abandono y orfandad de Managua.<\/p>\n","protected":false},"excerpt":{"rendered":"<p>El Hogar Zacar\u00edas Guerra en conjunto con Casa Pellas, hizo entrega del Corolla 2012 a la Sra. Mar\u00eda Patricia Espinosa, ganadora del sorteo realizado a beneficio del Hogar, con la acci\u00f3n No. 938. Durante la entrega del premio, el Padre Jos\u00e9 Ram\u00edrez Varela (\u201cPadre Joselito\u201d), Director General del Hogar Zacar\u00edas Guerra, expres\u00f3 su satisfacci\u00f3n con [&hellip;]<\/p>\n","protected":false},"author":1,"featured_media":4800,"comment_status":"open","ping_status":"open","sticky":false,"template":"","format":"standard","meta":{"om_disable_all_campaigns":false,"_monsterinsights_skip_tracking":false,"_monsterinsights_sitenote_active":false,"_monsterinsights_sitenote_note":"","_monsterinsights_sitenote_category":0,"footnotes":""},"categories":[3,14],"tags":[],"class_list":["post-4799","post","type-post","status-publish","format-standard","has-post-thumbnail","hentry","category-nacionales","category-empresas"],"aioseo_notices":[],"_links":{"self":[{"href":"https:\/\/elcronistadigital.com\/index.php?rest_route=\/wp\/v2\/posts\/4799","targetHints":{"allow":["GET"]}}],"collection":[{"href":"https:\/\/elcronistadigital.com\/index.php?rest_route=\/wp\/v2\/posts"}],"about":[{"href":"https:\/\/elcronistadigital.com\/index.php?rest_route=\/wp\/v2\/types\/post"}],"author":[{"embeddable":true,"href":"https:\/\/elcronistadigital.com\/index.php?rest_route=\/wp\/v2\/users\/1"}],"replies":[{"embeddable":true,"href":"https:\/\/elcronistadigital.com\/index.php?rest_route=%2Fwp%2Fv2%2Fcomments&post=4799"}],"version-history":[{"count":2,"href":"https:\/\/elcronistadigital.com\/index.php?rest_route=\/wp\/v2\/posts\/4799\/revisions"}],"predecessor-version":[{"id":4802,"href":"https:\/\/elcronistadigital.com\/index.php?rest_route=\/wp\/v2\/posts\/4799\/revisions\/4802"}],"wp:featuredmedia":[{"embeddable":true,"href":"https:\/\/elcronistadigital.com\/index.php?rest_route=\/wp\/v2\/media\/4800"}],"wp:attachment":[{"href":"https:\/\/elcronistadigital.com\/index.php?rest_route=%2Fwp%2Fv2%2Fmedia&parent=4799"}],"wp:term":[{"taxonomy":"category","embeddable":true,"href":"https:\/\/elcronistadigital.com\/index.php?rest_route=%2Fwp%2Fv2%2Fcategories&post=4799"},{"taxonomy":"post_tag","embeddable":true,"href":"https:\/\/elcronistadigital.com\/index.php?rest_route=%2Fwp%2Fv2%2Ftags&post=4799"}],"curies":[{"name":"wp","href":"https:\/\/api.w.org\/{rel}","templated":true}]}}