{"id":4808,"date":"2012-01-07T13:00:29","date_gmt":"2012-01-07T19:00:29","guid":{"rendered":"http:\/\/elcronistadigital.com\/?p=4808"},"modified":"2012-01-07T13:00:29","modified_gmt":"2012-01-07T19:00:29","slug":"apoyo-a-jovenes-en-situacion-de-riesgo","status":"publish","type":"post","link":"https:\/\/elcronistadigital.com\/?p=4808","title":{"rendered":"Apoyo a j\u00f3venes en situaci\u00f3n de riesgo"},"content":{"rendered":"<p><a rel=\"attachment wp-att-4809\" href=\"https:\/\/elcronistadigital.com\/?attachment_id=4809\"><img loading=\"lazy\" decoding=\"async\" class=\"alignleft size-medium wp-image-4809\" title=\"Invercasa1\" src=\"https:\/\/elcronistadigital.com\/wp-content\/uploads\/2012\/01\/Invercasa1-300x161.jpg\" alt=\"\" width=\"300\" height=\"161\" srcset=\"https:\/\/elcronistadigital.com\/wp-content\/uploads\/2012\/01\/Invercasa1-300x161.jpg 300w, https:\/\/elcronistadigital.com\/wp-content\/uploads\/2012\/01\/Invercasa1-342x183.jpg 342w, https:\/\/elcronistadigital.com\/wp-content\/uploads\/2012\/01\/Invercasa1.jpg 350w\" sizes=\"auto, (max-width: 300px) 100vw, 300px\" \/><\/a>\u2022\u00a0\u00a0\u00a0 Sector privado hace donativo a Centro Juventud de Polic\u00eda Nacional para apoyar reinserci\u00f3n de j\u00f3venes a la sociedad y a la vida laboral.<\/p>\n<p>Con el objetivo de potenciar los proyectos sociales y de educaci\u00f3n del Centro Juventud de la Polic\u00eda Nacional, Grupo Invercasa y representantes del sector privado, realizaron una visita para conocer este modelo comunitario que busca fortalecer los valores sociales y la calidad de vida de j\u00f3venes y adolescentes en riesgo, a fin de contribuir a fortalecer la gobernabilidad, la seguridad ciudadana, los derechos humanos y la prevenci\u00f3n del delito.<\/p>\n<p>El Centro Juventud atiende a 200 j\u00f3venes provenientes de los barrios \u201cJorge Dimitrov\u201d, \u201cJonathan Gonz\u00e1lez\u201d y Hialeah. Seg\u00fan sus autoridades, desde su apertura los \u00edndices de criminalidad en las zonas or\u00edgenes de estos j\u00f3venes se ha reducido en un 10%.<\/p>\n<p>El proyecto cuenta con una inversi\u00f3n de 3 millones 260 mil d\u00f3lares y requiere de un mill\u00f3n 800 mil d\u00f3lares para funcionar de forma \u00f3ptima. Los cursos que se ofrecen son de operador en microcomputadora, electricidad, reparaci\u00f3n de electrodom\u00e9sticos, mec\u00e1nica automotriz, panader\u00eda, corte y confecci\u00f3n, manualidades y belleza.<\/p>\n<p>El comisionado General Javier Maynard agradeci\u00f3 el gesto de la empresa privada por la oportunidad que ofrece a estos j\u00f3venes. \u201cNosotros no creemos que la soluci\u00f3n a los problemas sociales sea responder con balas a la juventud, sino darles un punto de apoyo en esfuerzos como \u00e9ste que tambi\u00e9n necesitan de la contribuci\u00f3n de la sociedad porque est\u00e1n relacionados con el desarrollo de Nicaragua\u201d, dijo.<\/p>\n<p>La visita fue promovida por el presidente de Grupo Invercasa, Ra\u00fal Amador Torres y otros actores de la empresa privada, con el objetivo de presentar el proyecto ante potenciales donantes para que contribuyan al desarrollo y sostenibilidad del centro. Asimismo, se busca que este sector ofrezca a los j\u00f3venes egresados oportunidades laborales o les apoye en la instauraci\u00f3n de sus propios negocios, a trav\u00e9s de los diferentes programas de emprendimiento din\u00e1mico de sus instituciones y de la C\u00e1mara de Comercio de Nicaragua.<\/p>\n<p>El donativo fue entregado por Vernon Guerrero, Presidente del Grupo; C\u00e9sar Guerrero y Ra\u00fal Amador Torres, Presidente de Grupo INVERCASA, quienes fueron acompa\u00f1ados de Ra\u00fal Calvet, Presidente de Calvet y Asociados; Daniel Otazo, Gerente de Pro Credit; Carolina Baca, Coordinadora de Proyectos de Responsabilidad Social Claro Nicaragua; Mario Gonz\u00e1lez, Presidente de la C\u00e1mara de Comercio de Nicaragua; Eduardo Fonseca, Director Ejecutivo de la C\u00e1mara de Comercio de Nicaragua y Emiliano Maranhao, Presidente de INVERCASA Puesto de Bolsa, entre otros.<\/p>\n","protected":false},"excerpt":{"rendered":"<p>\u2022\u00a0\u00a0\u00a0 Sector privado hace donativo a Centro Juventud de Polic\u00eda Nacional para apoyar reinserci\u00f3n de j\u00f3venes a la sociedad y a la vida laboral. Con el objetivo de potenciar los proyectos sociales y de educaci\u00f3n del Centro Juventud de la Polic\u00eda Nacional, Grupo Invercasa y representantes del sector privado, realizaron una visita para conocer este [&hellip;]<\/p>\n","protected":false},"author":1,"featured_media":4809,"comment_status":"open","ping_status":"open","sticky":false,"template":"","format":"standard","meta":{"om_disable_all_campaigns":false,"_monsterinsights_skip_tracking":false,"_monsterinsights_sitenote_active":false,"_monsterinsights_sitenote_note":"","_monsterinsights_sitenote_category":0,"footnotes":""},"categories":[3],"tags":[],"class_list":["post-4808","post","type-post","status-publish","format-standard","has-post-thumbnail","hentry","category-nacionales"],"aioseo_notices":[],"_links":{"self":[{"href":"https:\/\/elcronistadigital.com\/index.php?rest_route=\/wp\/v2\/posts\/4808","targetHints":{"allow":["GET"]}}],"collection":[{"href":"https:\/\/elcronistadigital.com\/index.php?rest_route=\/wp\/v2\/posts"}],"about":[{"href":"https:\/\/elcronistadigital.com\/index.php?rest_route=\/wp\/v2\/types\/post"}],"author":[{"embeddable":true,"href":"https:\/\/elcronistadigital.com\/index.php?rest_route=\/wp\/v2\/users\/1"}],"replies":[{"embeddable":true,"href":"https:\/\/elcronistadigital.com\/index.php?rest_route=%2Fwp%2Fv2%2Fcomments&post=4808"}],"version-history":[{"count":3,"href":"https:\/\/elcronistadigital.com\/index.php?rest_route=\/wp\/v2\/posts\/4808\/revisions"}],"predecessor-version":[{"id":4812,"href":"https:\/\/elcronistadigital.com\/index.php?rest_route=\/wp\/v2\/posts\/4808\/revisions\/4812"}],"wp:featuredmedia":[{"embeddable":true,"href":"https:\/\/elcronistadigital.com\/index.php?rest_route=\/wp\/v2\/media\/4809"}],"wp:attachment":[{"href":"https:\/\/elcronistadigital.com\/index.php?rest_route=%2Fwp%2Fv2%2Fmedia&parent=4808"}],"wp:term":[{"taxonomy":"category","embeddable":true,"href":"https:\/\/elcronistadigital.com\/index.php?rest_route=%2Fwp%2Fv2%2Fcategories&post=4808"},{"taxonomy":"post_tag","embeddable":true,"href":"https:\/\/elcronistadigital.com\/index.php?rest_route=%2Fwp%2Fv2%2Ftags&post=4808"}],"curies":[{"name":"wp","href":"https:\/\/api.w.org\/{rel}","templated":true}]}}