{"id":4813,"date":"2012-01-08T10:10:05","date_gmt":"2012-01-08T16:10:05","guid":{"rendered":"http:\/\/elcronistadigital.com\/?p=4813"},"modified":"2012-01-08T10:10:05","modified_gmt":"2012-01-08T16:10:05","slug":"acusan-a-claro-de-competencia-desleal-en-costa-rica","status":"publish","type":"post","link":"https:\/\/elcronistadigital.com\/?p=4813","title":{"rendered":"Acusan a Claro de competencia desleal en Costa Rica"},"content":{"rendered":"<p><a rel=\"attachment wp-att-4814\" href=\"https:\/\/elcronistadigital.com\/?attachment_id=4814\"><img loading=\"lazy\" decoding=\"async\" class=\"alignleft size-medium wp-image-4814\" title=\"Claro Costa Rica\" src=\"https:\/\/elcronistadigital.com\/wp-content\/uploads\/2012\/01\/Claro-Costa-Rica-300x225.jpg\" alt=\"\" width=\"300\" height=\"225\" srcset=\"https:\/\/elcronistadigital.com\/wp-content\/uploads\/2012\/01\/Claro-Costa-Rica-300x225.jpg 300w, https:\/\/elcronistadigital.com\/wp-content\/uploads\/2012\/01\/Claro-Costa-Rica-342x256.jpg 342w, https:\/\/elcronistadigital.com\/wp-content\/uploads\/2012\/01\/Claro-Costa-Rica-60x45.jpg 60w, https:\/\/elcronistadigital.com\/wp-content\/uploads\/2012\/01\/Claro-Costa-Rica-150x113.jpg 150w, https:\/\/elcronistadigital.com\/wp-content\/uploads\/2012\/01\/Claro-Costa-Rica-269x201.jpg 269w, https:\/\/elcronistadigital.com\/wp-content\/uploads\/2012\/01\/Claro-Costa-Rica.jpg 640w\" sizes=\"auto, (max-width: 300px) 100vw, 300px\" \/><\/a>Cinco empresas de telefon\u00eda IP y un operador m\u00f3vil virtual solicitaron a la Sutel investigar las tarifas para llamadas a Nicaragua que ofrece Claro Costa Rica.<br \/>\nSeg\u00fan los denunciantes, los precios ofertados por la firma mexicana \u2013la cual controla m\u00e1s del 70% del tr\u00e1fico telef\u00f3nico en la naci\u00f3n vecina\u2013 son similares o menores a los que les cobra a ellos por terminaci\u00f3n de llamadas en redes de Claro.<br \/>\nEsto los deja pr\u00e1cticamente sin posibilidad de competir en ese servicio y segmento del mercado.<br \/>\nLa queja la presentaron las empresas de telefon\u00eda IP Intertel Worldwide, CRM Consulting Services Internacional, Interphone, Telecable y la cablera Amnet.<br \/>\nAsimismo, el operador m\u00f3vil virtual del ICE, Virtualis.<br \/>\nLa presidenta del Consejo de la Superintendencia de Telecomunicaciones (Sutel), Maryleana M\u00e9ndez, dijo que est\u00e1n analizando las denuncias para definir si la acogen.<br \/>\nPor su lado, V\u00edctor Garc\u00eda, encargado de Regulaci\u00f3n de Claro, dijo que no tienen conocimiento de la denuncia, pero esperan que la Sutel ni siquiera la admita.<br \/>\n\u201cEstamos dando una oferta competitiva que est\u00e1 beneficiando al consumidor de Costa Rica bajo los par\u00e1metros establecidos en la legislaci\u00f3n local, los tratados internacionales y en la legislaci\u00f3n del otro pa\u00eds involucrado\u201d, sostuvo.<br \/>\nDesde su salida al mercado, a mediados de noviembre, Claro ofrece llamadas a Nicaragua a \u00a236,60 el minuto desde un tel\u00e9fono prepago y de \u00a234 desde un pospago hacia una red fija de Claro. A un tel\u00e9fono celular, el minuto cuesta \u00a287,60 desde un prepago y desde un pospago, \u00a281,60.<br \/>\nCaso de Movistar. La jerarca de la Sutel inform\u00f3 de que una denuncia por supuestas pr\u00e1cticas anticompetitivas presentada a mediados de diciembre por Movistar contra el Instituto Costarricense de Electricidad (ICE) ya fue admitida.<br \/>\nEl caso se traslad\u00f3 a la Comisi\u00f3n para la Promoci\u00f3n de la Competencia para que emita un criterio con base en el cual la Sutel resolver\u00e1.<\/p>\n<p>La Naci\u00f3n<\/p>\n","protected":false},"excerpt":{"rendered":"<p>Cinco empresas de telefon\u00eda IP y un operador m\u00f3vil virtual solicitaron a la Sutel investigar las tarifas para llamadas a Nicaragua que ofrece Claro Costa Rica. Seg\u00fan los denunciantes, los precios ofertados por la firma mexicana \u2013la cual controla m\u00e1s del 70% del tr\u00e1fico telef\u00f3nico en la naci\u00f3n vecina\u2013 son similares o menores a los [&hellip;]<\/p>\n","protected":false},"author":1,"featured_media":4814,"comment_status":"open","ping_status":"open","sticky":false,"template":"","format":"standard","meta":{"om_disable_all_campaigns":false,"_monsterinsights_skip_tracking":false,"_monsterinsights_sitenote_active":false,"_monsterinsights_sitenote_note":"","_monsterinsights_sitenote_category":0,"footnotes":""},"categories":[3,13],"tags":[],"class_list":["post-4813","post","type-post","status-publish","format-standard","has-post-thumbnail","hentry","category-nacionales","category-portada"],"aioseo_notices":[],"_links":{"self":[{"href":"https:\/\/elcronistadigital.com\/index.php?rest_route=\/wp\/v2\/posts\/4813","targetHints":{"allow":["GET"]}}],"collection":[{"href":"https:\/\/elcronistadigital.com\/index.php?rest_route=\/wp\/v2\/posts"}],"about":[{"href":"https:\/\/elcronistadigital.com\/index.php?rest_route=\/wp\/v2\/types\/post"}],"author":[{"embeddable":true,"href":"https:\/\/elcronistadigital.com\/index.php?rest_route=\/wp\/v2\/users\/1"}],"replies":[{"embeddable":true,"href":"https:\/\/elcronistadigital.com\/index.php?rest_route=%2Fwp%2Fv2%2Fcomments&post=4813"}],"version-history":[{"count":3,"href":"https:\/\/elcronistadigital.com\/index.php?rest_route=\/wp\/v2\/posts\/4813\/revisions"}],"predecessor-version":[{"id":4817,"href":"https:\/\/elcronistadigital.com\/index.php?rest_route=\/wp\/v2\/posts\/4813\/revisions\/4817"}],"wp:featuredmedia":[{"embeddable":true,"href":"https:\/\/elcronistadigital.com\/index.php?rest_route=\/wp\/v2\/media\/4814"}],"wp:attachment":[{"href":"https:\/\/elcronistadigital.com\/index.php?rest_route=%2Fwp%2Fv2%2Fmedia&parent=4813"}],"wp:term":[{"taxonomy":"category","embeddable":true,"href":"https:\/\/elcronistadigital.com\/index.php?rest_route=%2Fwp%2Fv2%2Fcategories&post=4813"},{"taxonomy":"post_tag","embeddable":true,"href":"https:\/\/elcronistadigital.com\/index.php?rest_route=%2Fwp%2Fv2%2Ftags&post=4813"}],"curies":[{"name":"wp","href":"https:\/\/api.w.org\/{rel}","templated":true}]}}