{"id":4818,"date":"2012-01-08T11:07:09","date_gmt":"2012-01-08T17:07:09","guid":{"rendered":"http:\/\/elcronistadigital.com\/?p=4818"},"modified":"2012-01-08T11:07:09","modified_gmt":"2012-01-08T17:07:09","slug":"tapachula-en-conteo-del-%e2%80%9cfin-del-mundo%e2%80%9d","status":"publish","type":"post","link":"https:\/\/elcronistadigital.com\/?p=4818","title":{"rendered":"Tapachula en conteo del \u201cfin del mundo\u201d"},"content":{"rendered":"<p><a rel=\"attachment wp-att-4819\" href=\"https:\/\/elcronistadigital.com\/?attachment_id=4819\"><img loading=\"lazy\" decoding=\"async\" class=\"alignleft size-medium wp-image-4819\" title=\"MAYAS\" src=\"https:\/\/elcronistadigital.com\/wp-content\/uploads\/2012\/01\/MAYAS-300x225.jpg\" alt=\"\" width=\"300\" height=\"225\" srcset=\"https:\/\/elcronistadigital.com\/wp-content\/uploads\/2012\/01\/MAYAS-300x225.jpg 300w, https:\/\/elcronistadigital.com\/wp-content\/uploads\/2012\/01\/MAYAS-342x256.jpg 342w, https:\/\/elcronistadigital.com\/wp-content\/uploads\/2012\/01\/MAYAS-60x45.jpg 60w, https:\/\/elcronistadigital.com\/wp-content\/uploads\/2012\/01\/MAYAS-150x113.jpg 150w, https:\/\/elcronistadigital.com\/wp-content\/uploads\/2012\/01\/MAYAS-269x201.jpg 269w, https:\/\/elcronistadigital.com\/wp-content\/uploads\/2012\/01\/MAYAS.jpg 400w\" sizes=\"auto, (max-width: 300px) 100vw, 300px\" \/><\/a>M\u00e9xico.- Un municipio en el sur de M\u00e9xico quiere vivir cada momento como si fuera el \u00faltimo. Autoridades tur\u00edsticas en Tapachula instalaron un reloj digital que empezar\u00e1 la cuenta regresiva para el solsticio del 21 de diciembre del 2012, la fecha en que muchos creen se acaba el calendario maya.<br \/>\nDiversos expertos en la cultura maya estiman que el temor sobre el Apocalipsis proviene de una mala interpretaci\u00f3n de los textos mayas que mencionan esa fecha, y se\u00f1alan que los mayas consideraban ese d\u00eda como el fin de un ciclo en su calendario y el comienzo de otro. (Ap).<\/p>\n","protected":false},"excerpt":{"rendered":"<p>M\u00e9xico.- Un municipio en el sur de M\u00e9xico quiere vivir cada momento como si fuera el \u00faltimo. Autoridades tur\u00edsticas en Tapachula instalaron un reloj digital que empezar\u00e1 la cuenta regresiva para el solsticio del 21 de diciembre del 2012, la fecha en que muchos creen se acaba el calendario maya. Diversos expertos en la cultura [&hellip;]<\/p>\n","protected":false},"author":1,"featured_media":4819,"comment_status":"open","ping_status":"open","sticky":false,"template":"","format":"standard","meta":{"om_disable_all_campaigns":false,"_monsterinsights_skip_tracking":false,"_monsterinsights_sitenote_active":false,"_monsterinsights_sitenote_note":"","_monsterinsights_sitenote_category":0,"footnotes":""},"categories":[13],"tags":[],"class_list":["post-4818","post","type-post","status-publish","format-standard","has-post-thumbnail","hentry","category-portada"],"aioseo_notices":[],"_links":{"self":[{"href":"https:\/\/elcronistadigital.com\/index.php?rest_route=\/wp\/v2\/posts\/4818","targetHints":{"allow":["GET"]}}],"collection":[{"href":"https:\/\/elcronistadigital.com\/index.php?rest_route=\/wp\/v2\/posts"}],"about":[{"href":"https:\/\/elcronistadigital.com\/index.php?rest_route=\/wp\/v2\/types\/post"}],"author":[{"embeddable":true,"href":"https:\/\/elcronistadigital.com\/index.php?rest_route=\/wp\/v2\/users\/1"}],"replies":[{"embeddable":true,"href":"https:\/\/elcronistadigital.com\/index.php?rest_route=%2Fwp%2Fv2%2Fcomments&post=4818"}],"version-history":[{"count":3,"href":"https:\/\/elcronistadigital.com\/index.php?rest_route=\/wp\/v2\/posts\/4818\/revisions"}],"predecessor-version":[{"id":4822,"href":"https:\/\/elcronistadigital.com\/index.php?rest_route=\/wp\/v2\/posts\/4818\/revisions\/4822"}],"wp:featuredmedia":[{"embeddable":true,"href":"https:\/\/elcronistadigital.com\/index.php?rest_route=\/wp\/v2\/media\/4819"}],"wp:attachment":[{"href":"https:\/\/elcronistadigital.com\/index.php?rest_route=%2Fwp%2Fv2%2Fmedia&parent=4818"}],"wp:term":[{"taxonomy":"category","embeddable":true,"href":"https:\/\/elcronistadigital.com\/index.php?rest_route=%2Fwp%2Fv2%2Fcategories&post=4818"},{"taxonomy":"post_tag","embeddable":true,"href":"https:\/\/elcronistadigital.com\/index.php?rest_route=%2Fwp%2Fv2%2Ftags&post=4818"}],"curies":[{"name":"wp","href":"https:\/\/api.w.org\/{rel}","templated":true}]}}