{"id":4842,"date":"2012-01-10T14:39:27","date_gmt":"2012-01-10T20:39:27","guid":{"rendered":"http:\/\/elcronistadigital.com\/?p=4842"},"modified":"2012-01-10T14:39:27","modified_gmt":"2012-01-10T20:39:27","slug":"grupo-invercasa-entrega-donativo-al-%e2%80%9caldo-chavarria%e2%80%9d","status":"publish","type":"post","link":"https:\/\/elcronistadigital.com\/?p=4842","title":{"rendered":"Grupo Invercasa entrega donativo al \u201cAldo Chavarr\u00eda\u201d"},"content":{"rendered":"<p><a rel=\"attachment wp-att-4843\" href=\"https:\/\/elcronistadigital.com\/?attachment_id=4843\"><img loading=\"lazy\" decoding=\"async\" class=\"alignleft size-full wp-image-4843\" title=\"Inver\" src=\"https:\/\/elcronistadigital.com\/wp-content\/uploads\/2012\/01\/Inver.png\" alt=\"\" width=\"231\" height=\"155\" \/><\/a>* Equipos apoyar\u00e1n terapias de pacientes con lesiones cerebrales o que sufren de alguna discapacidad motora natural o producto de accidentes<\/p>\n<p>Con el objetivo de apoyar la rehabilitaci\u00f3n y reinserci\u00f3n de personas con discapacidad y limitaciones f\u00edsico-motoras, Grupo Invercasa hizo entrega de una donaci\u00f3n de diversos equipos de fisioterapia al Hospital Nacional de Rehabilitaci\u00f3n Aldo Chavarr\u00eda que brinda atenci\u00f3n especializada a m\u00e1s de 10 mil personas al a\u00f1o.<\/p>\n<p>La donaci\u00f3n fue entregada por Ra\u00fal Amador Somarriba, Vicepresidente de Invercasa Puesto de Bolsa y el Dr. \u00c1lvaro Guerra B\u00e1ez, Director General del Hospital Central Managua \u201cDr. C\u00e9sar Amador K\u00fchl\u201d, quien expres\u00f3 que la intenci\u00f3n de Grupo Invercasa es contribuir al esfuerzo que brinda el Ministerio de Salud a este amplio n\u00famero de pacientes que requiere del uso obligado de estos equipos para tener una mejor calidad de vida.<\/p>\n<p>La donaci\u00f3n incluye una caminadora profesional, bicicleta estacionaria, un orbitrek y aparatos para fortalecer abdominales y brazos, valorados en m\u00e1s de 3 mil d\u00f3lares. Los equipos ser\u00e1n destinados al Gimnasio de Rehabilitaci\u00f3n y Fisioterapia de Consulta Externa del Hospital Nacional de Rehabilitaci\u00f3n Aldo Chavarr\u00eda que atiende a unas 800 personas al mes.<\/p>\n<p>El Dr. Luis Jara, director del Hospital Aldo Chavarr\u00eda, recibi\u00f3 el donativo y agradeci\u00f3 la contribuci\u00f3n. \u201cLos equipos conformar\u00e1n un activo importante del hospital y estar\u00e1n al servicio de los cientos de nicarag\u00fcenses que visitan la consulta externa de este hospital en busca de una mejor\u00eda. En nombre de todas estas personas que lo necesitan, damos gracias a Invercasa\u201d, expres\u00f3 el m\u00e9dico.<\/p>\n<p>Entre las patolog\u00edas que requieren de fisioterapias y que son atendidas en el gimnasio de este centro, est\u00e1 la par\u00e1lisis cerebral, las lesiones medulares, discapacidades por problemas reum\u00e1ticos, par\u00e1lisis faciales, entre otros. En el centro se atienden a ni\u00f1os y adultos, as\u00ed como tambi\u00e9n a personas de localidades y municipios cercanos a la capital.<\/p>\n","protected":false},"excerpt":{"rendered":"<p>* Equipos apoyar\u00e1n terapias de pacientes con lesiones cerebrales o que sufren de alguna discapacidad motora natural o producto de accidentes Con el objetivo de apoyar la rehabilitaci\u00f3n y reinserci\u00f3n de personas con discapacidad y limitaciones f\u00edsico-motoras, Grupo Invercasa hizo entrega de una donaci\u00f3n de diversos equipos de fisioterapia al Hospital Nacional de Rehabilitaci\u00f3n Aldo [&hellip;]<\/p>\n","protected":false},"author":1,"featured_media":4843,"comment_status":"open","ping_status":"open","sticky":false,"template":"","format":"standard","meta":{"om_disable_all_campaigns":false,"_monsterinsights_skip_tracking":false,"_monsterinsights_sitenote_active":false,"_monsterinsights_sitenote_note":"","_monsterinsights_sitenote_category":0,"footnotes":""},"categories":[3],"tags":[],"class_list":["post-4842","post","type-post","status-publish","format-standard","has-post-thumbnail","hentry","category-nacionales"],"aioseo_notices":[],"_links":{"self":[{"href":"https:\/\/elcronistadigital.com\/index.php?rest_route=\/wp\/v2\/posts\/4842","targetHints":{"allow":["GET"]}}],"collection":[{"href":"https:\/\/elcronistadigital.com\/index.php?rest_route=\/wp\/v2\/posts"}],"about":[{"href":"https:\/\/elcronistadigital.com\/index.php?rest_route=\/wp\/v2\/types\/post"}],"author":[{"embeddable":true,"href":"https:\/\/elcronistadigital.com\/index.php?rest_route=\/wp\/v2\/users\/1"}],"replies":[{"embeddable":true,"href":"https:\/\/elcronistadigital.com\/index.php?rest_route=%2Fwp%2Fv2%2Fcomments&post=4842"}],"version-history":[{"count":3,"href":"https:\/\/elcronistadigital.com\/index.php?rest_route=\/wp\/v2\/posts\/4842\/revisions"}],"predecessor-version":[{"id":4846,"href":"https:\/\/elcronistadigital.com\/index.php?rest_route=\/wp\/v2\/posts\/4842\/revisions\/4846"}],"wp:featuredmedia":[{"embeddable":true,"href":"https:\/\/elcronistadigital.com\/index.php?rest_route=\/wp\/v2\/media\/4843"}],"wp:attachment":[{"href":"https:\/\/elcronistadigital.com\/index.php?rest_route=%2Fwp%2Fv2%2Fmedia&parent=4842"}],"wp:term":[{"taxonomy":"category","embeddable":true,"href":"https:\/\/elcronistadigital.com\/index.php?rest_route=%2Fwp%2Fv2%2Fcategories&post=4842"},{"taxonomy":"post_tag","embeddable":true,"href":"https:\/\/elcronistadigital.com\/index.php?rest_route=%2Fwp%2Fv2%2Ftags&post=4842"}],"curies":[{"name":"wp","href":"https:\/\/api.w.org\/{rel}","templated":true}]}}